{"id":120820,"date":"2025-12-30T11:51:11","date_gmt":"2025-12-30T11:51:11","guid":{"rendered":"https:\/\/www.europesays.com\/se\/120820\/"},"modified":"2025-12-30T11:51:11","modified_gmt":"2025-12-30T11:51:11","slug":"tack-for-er-tid-i-malmo-ff-3","status":"publish","type":"post","link":"https:\/\/www.europesays.com\/se\/120820\/","title":{"rendered":"Tack f\u00f6r er tid i Malm\u00f6 FF!"},"content":{"rendered":"<p>  Patriot Sejdiu<\/p>\n<p>Patriot Sejdiu ansl\u00f6t till MFF fr\u00e5n H\u00f6rby FF n\u00e4r han var 15 \u00e5r. Efter starka insatser i P19 bel\u00f6nades han med ett A-lagskontrakt \u00e5r 2020 och inledde strax d\u00e4rp\u00e5 en lyckad utl\u00e5ning till Dalkurd FF i Superettan innan en kn\u00e4skada satte stopp f\u00f6r hans framfart. Efter att ha \u00e5terh\u00e4mtat sig fr\u00e5n skadan gjorde Patriot Sejdiu sin A-lagsdebut f\u00f6r Malm\u00f6 FF 2022 och har hittills gjort 40 t\u00e4vlingsmatcher och nio m\u00e5l i den himmelsbl\u00e5 tr\u00f6jan. Flera av m\u00e5len har varit viktiga men det f\u00f6rsta MFF-m\u00e5let \u00e4r kanske det mest minnesv\u00e4rda. Det kom i den 90:e minuten i Sk\u00e5nederbyt mot Helsingborgs IF p\u00e5 hemmaplan 2022 och s\u00e4krade tre himmelsbl\u00e5a po\u00e4ng.<\/p>\n<p>Under sommaren 2023 l\u00e5nades Patriot ut till NAC Breda i den holl\u00e4ndska andradivisionen,\u00a0d\u00e4r det blev fyra m\u00e5l och tv\u00e5 assist p\u00e5 18 matcher. \u00c5ret efter blev det en ny utl\u00e5ning i samma serie, denna g\u00e5ngen till Roda JC d\u00e4r det blev fyra m\u00e5l och en assist p\u00e5 30 framtr\u00e4danden varav 21 fr\u00e5n start. Under den senaste h\u00f6sten \u00e5terv\u00e4nde Patriot till Allsvenskan d\u00e5 han l\u00e5nades ut till \u00d6sters IF. D\u00e4r blev det tio matcher fr\u00e5n start.<\/p>\n<p>Nu har Malm\u00f6 FF och Patriot Sejdiu kommit \u00f6verens om att g\u00e5 skilda v\u00e4gar.<\/p>\n<p>Daniel Andersson, sportchef:<\/p>\n<p>\u2013 Patriot kom till oss som 15-\u00e5ring och tog sig upp i A-lagstruppen d\u00e4r han vid flera tillf\u00e4llen visat matchavg\u00f6rande egenskaper. Konkurrensen har varit v\u00e4ldigt h\u00e5rd h\u00e4r hos oss under l\u00e5ng tid och ist\u00e4llet f\u00f6r ytterligare l\u00e5n \u00e4r vi \u00f6verens om att en permanent flytt till en annan klubb \u00e4r b\u00e4st f\u00f6r alla parter. Vi \u00f6nskar Patriot stort lycka till fram\u00f6ver!<\/p>\n<p>Patriot Sejdiu:<\/p>\n<p>\u2013 Jag fick \u00e4ran att f\u00e5 representera Malm\u00f6 FF och det \u00e4r st\u00f6rsta som en spelare kan g\u00f6ra i svensk fotboll. Jag har f\u00e5tt uppleva m\u00e5nga fina \u00f6gonblick men det som jag tar med mig \u00e4r n\u00e4r vi vann Svenska cupen 2022 och att jag fick \u00e4ran att f\u00e5 g\u00f6ra m\u00e5l i b\u00e5da derbyna mot HIF den s\u00e4songen. Stort tack till samtliga ledare och spelare som jag fick dela omkl\u00e4dningsrum med, samt till v\u00e5ra fantastiska supportrar som alltid finns d\u00e4r f\u00f6r Malm\u00f6 FF.<\/p>\n<p>\u00a0<\/p>\n<p>  Moustafa Zeidan<\/p>\n<p>Moustafa Zeidan kom till Malm\u00f6 FF fr\u00e5n IK Sirius under sommaren 2022.\u00a0Han var d\u00e5 starkt bidragande n\u00e4r laget gick till Europa League-slutspel. Under sin tid i MFF blev den offensiva mittf\u00e4ltaren uttagen till det svenska landslagets januariturn\u00e9 och fick g\u00f6ra landslagsdebut i en match mot Finland.<\/p>\n<p>Under v\u00e5ren 2023 blev det mindre speltid f\u00f6r Moustafa som d\u00e5 uttryckte en \u00f6nskan om att l\u00e5nas ut. I slutet av juli blev det klart att han l\u00e5nades ut till den emiratiska klubben Hatta Club. Han kom tillbaka till Malm\u00f6 FF ett \u00e5r senare men l\u00e5nades d\u00e5 ut igen, denna g\u00e5ngen till norska Rosenborg. Han stannade i den norska klubben i 1,5 s\u00e4song och under den perioden spelade han 40 t\u00e4vlingsmatcher, gjorde tv\u00e5 m\u00e5l och \u00e5tta assist.<\/p>\n<p>Nu har Malm\u00f6 FF och Moustafa Zeidan kommit \u00f6verens om att g\u00e5 skilda v\u00e4gar.<\/p>\n<p>Daniel Andersson, sportchef:<\/p>\n<p>\u2013 Direkt n\u00e4r Moustafa kom till oss sommaren 2022 visade han prov p\u00e5 sina offensiva styrkor med b\u00e5de m\u00e5l och assist. Sedan hade vi som lag ett tungt \u00e5r 2022 och n\u00e4r vi d\u00e4refter tog ny fart under Henrik Rydstr\u00f6m fick \u201dMusty\u201d allt mindre speltid. \u201dMusty\u201d \u00e4r en bra spelare som i en passande milj\u00f6 kommer att tillf\u00f6ra mycket och vi \u00f6nskar honom stort lycka till!<\/p>\n<p>Moustafa Zeidan:<\/p>\n<p>\u2013 N\u00e4r jag skrev p\u00e5 f\u00f6r Malm\u00f6 FF 2022 s\u00e5 var det en dr\u00f6m som gick i uppfyllelse. De senaste \u00e5ren har jag varit iv\u00e4g men f\u00f6ljt klubben med stor passion och det kommer jag g\u00f6ra f\u00f6r alltid. Jag \u00e4r helt s\u00e4ker p\u00e5 att klubben kommer ta sig tillbaka till toppen d\u00e4r man h\u00f6r hemma. Jag vill rikta ett stort till alla underbara m\u00e4nniskor som jobbar f\u00f6r Malm\u00f6 FF och f\u00f6r den fina tid jag fick i klubben.<\/p>\n","protected":false},"excerpt":{"rendered":"Patriot Sejdiu Patriot Sejdiu ansl\u00f6t till MFF fr\u00e5n H\u00f6rby FF n\u00e4r han var 15 \u00e5r. Efter starka insatser&hellip;\n","protected":false},"author":2,"featured_media":120821,"comment_status":"","ping_status":"","sticky":false,"template":"","format":"standard","meta":{"footnotes":""},"categories":[5],"tags":[22,23,26,27,17,21,24,25,28,29,15,16,18,34,31,33,32,30,19,20],"class_list":{"0":"post-120820","1":"post","2":"type-post","3":"status-publish","4":"format-standard","5":"has-post-thumbnail","7":"category-rubriker","8":"tag-breaking-news","9":"tag-breakingnews","10":"tag-featured-news","11":"tag-featurednews","12":"tag-headlines","13":"tag-huvudnyheter","14":"tag-latest-news","15":"tag-latestnews","16":"tag-main-news","17":"tag-mainnews","18":"tag-news","19":"tag-nyheter","20":"tag-rubriker","21":"tag-se","22":"tag-svenska","23":"tag-sverige","24":"tag-sweden","25":"tag-swedish","26":"tag-top-stories","27":"tag-topstories"},"share_on_mastodon":{"url":"https:\/\/pubeurope.com\/@se\/115808376129957903","error":""},"_links":{"self":[{"href":"https:\/\/www.europesays.com\/se\/wp-json\/wp\/v2\/posts\/120820","targetHints":{"allow":["GET"]}}],"collection":[{"href":"https:\/\/www.europesays.com\/se\/wp-json\/wp\/v2\/posts"}],"about":[{"href":"https:\/\/www.europesays.com\/se\/wp-json\/wp\/v2\/types\/post"}],"author":[{"embeddable":true,"href":"https:\/\/www.europesays.com\/se\/wp-json\/wp\/v2\/users\/2"}],"replies":[{"embeddable":true,"href":"https:\/\/www.europesays.com\/se\/wp-json\/wp\/v2\/comments?post=120820"}],"version-history":[{"count":0,"href":"https:\/\/www.europesays.com\/se\/wp-json\/wp\/v2\/posts\/120820\/revisions"}],"wp:featuredmedia":[{"embeddable":true,"href":"https:\/\/www.europesays.com\/se\/wp-json\/wp\/v2\/media\/120821"}],"wp:attachment":[{"href":"https:\/\/www.europesays.com\/se\/wp-json\/wp\/v2\/media?parent=120820"}],"wp:term":[{"taxonomy":"category","embeddable":true,"href":"https:\/\/www.europesays.com\/se\/wp-json\/wp\/v2\/categories?post=120820"},{"taxonomy":"post_tag","embeddable":true,"href":"https:\/\/www.europesays.com\/se\/wp-json\/wp\/v2\/tags?post=120820"}],"curies":[{"name":"wp","href":"https:\/\/api.w.org\/{rel}","templated":true}]}}