{"id":120824,"date":"2025-12-30T11:56:11","date_gmt":"2025-12-30T11:56:11","guid":{"rendered":"https:\/\/www.europesays.com\/se\/120824\/"},"modified":"2025-12-30T11:56:11","modified_gmt":"2025-12-30T11:56:11","slug":"toppekonomen-darfor-kommer-ai-inte-att-leda-till-massarbetsloshet","status":"publish","type":"post","link":"https:\/\/www.europesays.com\/se\/120824\/","title":{"rendered":"Toppekonomen: D\u00e4rf\u00f6r kommer AI inte att leda till massarbetsl\u00f6shet"},"content":{"rendered":"<p>\t\t\t\t\t<a href=\"https:\/\/www.tn.se\/ai\/\" rel=\"nofollow noopener\" target=\"_blank\"><br \/>\n\t\t\t\tAI OCH AUTOMATISERING<br \/>\n\t\t\t<\/a><\/p>\n<p>\t\t\t\t<img decoding=\"async\" class=\"figure-img img-fluid\"  src=\"https:\/\/www.europesays.com\/se\/wp-content\/uploads\/2025\/12\/1767095771_967_bilder.tn.se.jpeg\" alt=\"\" itemprop=\"image\"\/><\/p>\n<p>\t\t\t\t\t\t\t\t\tSusanne Spector, chefsekonom p\u00e5 Danske Bank.<br \/>\n\t\t\t\t\t\t\t\t\t\t\t\t\tBild:<br \/>\n\t\t\t\t\tJakob \u00c5kersten Brod\u00e9n\/TT<\/p>\n<p class=\"ew-preamble\" itemprop=\"description\">Med AI-utvecklingen f\u00f6rsvinner en del jobb men samtidigt kommer \u00e4ven nya. Det konstaterar Susanne Spector, chefsekonom p\u00e5 Danske Bank i en intervju med GP. \u201dI dagsl\u00e4get ser det inte ut som att AI \u00e4r n\u00e5gon mer transformerande kraft \u00e4n allting annat som h\u00e4nder i ekonomin\u201d, s\u00e4ger hon till tidningen.<\/p>\n<p>\n\t\tPublicerad:<br \/>\n\t\t30 dec 2025, 12:00\n\t<\/p>\n<p class=\"ew-body\">Enligt Susanne Spector finns det inget som tyder p\u00e5 att just AI-utvecklingen skulle p\u00e5verka arbetsmarknaden p\u00e5 n\u00e5got annat s\u00e4tt \u00e4n tidigare stora strukturomvandlingar. \u00c4ven om en del jobb v\u00e4ntas f\u00f6rsvinna s\u00e5 kommer det samtidigt att skapas nya jobb, menar hon.<\/p>\n<p class=\"ew-body\">\u2013 Det kommer f\u00f6rmodligen att p\u00e5verka arbetsmarknaden, men i dagsl\u00e4get ser det inte ut som att AI \u00e4r n\u00e5gon mer transformerande kraft \u00e4n allting annat som h\u00e4nder i ekonomin hela tiden, s\u00e4ger hon till GP.<\/p>\n<p class=\"ew-body\"><a href=\"https:\/\/www.gp.se\/ekonomi\/chefsekonomen-ai-kommer-inte-att-ta-vara-jobb.f76db451-99cc-487f-96db-ccf20f1912c5\" id=\"link-58dbcebb1e335f0ce394f146cdd0d055\" target=\"_blank\" rel=\"nofollow noopener\">GP: Chefsekonomen: \u201dAI kommer inte att ta v\u00e5ra jobb\u201d<\/a><\/p>\n<p>\n\t\tPublicerad:<br \/>\n\t\t30 dec 2025, 12:00\n\t<\/p>\n","protected":false},"excerpt":{"rendered":"AI OCH AUTOMATISERING Susanne Spector, chefsekonom p\u00e5 Danske Bank. Bild: Jakob \u00c5kersten Brod\u00e9n\/TT Med AI-utvecklingen f\u00f6rsvinner en del&hellip;\n","protected":false},"author":2,"featured_media":120825,"comment_status":"","ping_status":"","sticky":false,"template":"","format":"standard","meta":{"footnotes":""},"categories":[65],"tags":[72,70,71,34,31,33,32,30],"class_list":{"0":"post-120824","1":"post","2":"type-post","3":"status-publish","4":"format-standard","5":"has-post-thumbnail","7":"category-ekonomi","8":"tag-business","9":"tag-economy","10":"tag-ekonomi","11":"tag-se","12":"tag-svenska","13":"tag-sverige","14":"tag-sweden","15":"tag-swedish"},"share_on_mastodon":{"url":"https:\/\/pubeurope.com\/@se\/115808395776293525","error":""},"_links":{"self":[{"href":"https:\/\/www.europesays.com\/se\/wp-json\/wp\/v2\/posts\/120824","targetHints":{"allow":["GET"]}}],"collection":[{"href":"https:\/\/www.europesays.com\/se\/wp-json\/wp\/v2\/posts"}],"about":[{"href":"https:\/\/www.europesays.com\/se\/wp-json\/wp\/v2\/types\/post"}],"author":[{"embeddable":true,"href":"https:\/\/www.europesays.com\/se\/wp-json\/wp\/v2\/users\/2"}],"replies":[{"embeddable":true,"href":"https:\/\/www.europesays.com\/se\/wp-json\/wp\/v2\/comments?post=120824"}],"version-history":[{"count":0,"href":"https:\/\/www.europesays.com\/se\/wp-json\/wp\/v2\/posts\/120824\/revisions"}],"wp:featuredmedia":[{"embeddable":true,"href":"https:\/\/www.europesays.com\/se\/wp-json\/wp\/v2\/media\/120825"}],"wp:attachment":[{"href":"https:\/\/www.europesays.com\/se\/wp-json\/wp\/v2\/media?parent=120824"}],"wp:term":[{"taxonomy":"category","embeddable":true,"href":"https:\/\/www.europesays.com\/se\/wp-json\/wp\/v2\/categories?post=120824"},{"taxonomy":"post_tag","embeddable":true,"href":"https:\/\/www.europesays.com\/se\/wp-json\/wp\/v2\/tags?post=120824"}],"curies":[{"name":"wp","href":"https:\/\/api.w.org\/{rel}","templated":true}]}}