{"id":120826,"date":"2025-12-30T12:02:32","date_gmt":"2025-12-30T12:02:32","guid":{"rendered":"https:\/\/www.europesays.com\/se\/120826\/"},"modified":"2025-12-30T12:02:32","modified_gmt":"2025-12-30T12:02:32","slug":"johan-olssons-varning-till-william-poromaa-hade-varit-orolig-langdskidor","status":"publish","type":"post","link":"https:\/\/www.europesays.com\/se\/120826\/","title":{"rendered":"Johan Olssons varning till William Poromaa: \u201dHade varit orolig\u201d | L\u00e4ngdskidor"},"content":{"rendered":"<p>Johan Olsson ville se William Poromaa i storform.\u00a0<\/p>\n<p>I st\u00e4llet fick han se svensken vara \u00f6ver en minut bakom vinnaren Mattis Stenshagen.<\/p>\n<p>\u2013 Hade jag varit William hade jag varit v\u00e4ldigt orolig, s\u00e4ger han.<\/p>\n<p><img   alt=\"\"\/> <\/p>\n<p>Foto: MAXIM THORE \/ BILDBYR\u00c5N<\/p>\n<p>\u00d6ppna bild i helsk\u00e4rmArtikeln i korthet<\/p>\n<p> Johan Olsson varnar: Poromaa l\u00e5ngt fr\u00e5n toppform, \u00f6ver en minut efter segraren.<\/p>\n<p> Poromaa sj\u00e4lv: \u201dJag \u00e4r f\u00f6r d\u00e5lig, h\u00e5ller inte niv\u00e5n.\u201d<\/p>\n<p> Oro inf\u00f6r OS \u2013 Poromaa m\u00e5ste prestera p\u00e5 topp varje dag fram\u00f6ver.<\/p>\n<p>Visa mer<\/p>\n<p>I Viaplays s\u00e4ndning inf\u00f6r m\u00e5ndagens 10 kilometer i klassisk stil var experten Johan Olsson tydlig.<\/p>\n<p>Efter en knackig start p\u00e5 s\u00e4songen med sjukdom och sviktande resultat ville han se <a href=\"https:\/\/www.expressen.se\/tagg\/person\/william-poromaa\/\" class=\"\" rel=\"nofollow noopener\" target=\"_blank\">William Poromaa<\/a> prestera p\u00e5 ett s\u00e4tt som imponerade.\u00a0<\/p>\n<p>\u2013 F\u00f6r mig skulle det vara runt en topp fem-placering, s\u00e4ger Olsson.\u00a0<\/p>\n<p>Olssons varning \u2013 till Poromaa: \u201dV\u00e4ldigt orolig\u201d<\/p>\n<p>S\u00e5 blev det inte alls. Det blev tydligt tidigt i loppet att Poromaa inte skulle ha n\u00e5got med toppstriden att g\u00f6ra. Till slut hamnade han p\u00e5 plats 24 i resultatlistan, \u00f6ver en minut bakom vinnaren Mattis Stenshagen. \u00a0<\/p>\n<p>\u2013 Han har haft s\u00e4mre s\u00e4songsinledningar f\u00f6rr och lyckats v\u00e4nda p\u00e5 det. Tittar man p\u00e5 f\u00f6rra \u00e5ret kom han till v\u00e4rldscupen i Les Rousses och det var d\u00e5 allting v\u00e4nde. Tittar man p\u00e5 den h\u00e4r s\u00e4songen ligger OS p\u00e5 ungef\u00e4r samma st\u00e4lle som den t\u00e4vlingen l\u00e5g, s\u00e4ger Olsson.\u00a0<\/p>\n<p>Men.\u00a0<\/p>\n<p>Olsson s\u00e4ger att om han hade varit i Poromaas skor hade stressen b\u00f6rjat komma krypande.\u00a0<\/p>\n<p>\u2013 Hade jag varit William Poromaa hade jag varit v\u00e4ldigt orolig och k\u00e4nt att jag nu m\u00e5ste ha en home run varje dag fram till OS, f\u00f6r att han ska vara i den form jag tror att han vill vara i.<\/p>\n<p>\u2013 Allts\u00e5 tr\u00e4na kanonbra utan en enda plump i protokollet. Det \u00e4r m\u00f6jligt att g\u00f6ra, men det \u00e4r sv\u00e5rt. Ser man p\u00e5 det han presterar idag, d\u00e4r han \u00e4r en minut efter p\u00e5 en mil\u2026 ja, d\u00e5 \u00e4r det ett sv\u00e5rt l\u00e4ge.<\/p>\n<p><img loading=\"lazy\"   alt=\"\"\/><\/p>\n<p>Johan Olsson.<\/p>\n<p>Foto: MAXIM THORE \/ BILDBYR\u00c5N<\/p>\n<p>\u00d6ppna bild i helsk\u00e4rmPoromaas ord efter loppet: \u201dJag \u00e4r f\u00f6r d\u00e5lig\u201d<\/p>\n<p>William Poromaa var m\u00f6rk i blicken n\u00e4r han vandrade genom den mixade zonen efter sitt lopp.\u00a0<\/p>\n<p>\u2013 Det \u00e4r f\u00f6r d\u00e5ligt, tyv\u00e4rr. L\u00e5ngtifr\u00e5n bra, s\u00e4ger han.\u00a0<\/p>\n<p><strong>Vad \u00e4r f\u00f6rklaringen?\u00a0<\/strong><\/p>\n<p>\u2013 Jag \u00e4r f\u00f6r d\u00e5lig, bara. Jag h\u00e5ller inte niv\u00e5n. Det k\u00e4nns tungt. Jag krigar p\u00e5 men h\u00e4nder inte s\u00e5 mycket.<\/p>\n<p><strong>Vad s\u00e4ger du om din inledning p\u00e5 touren?\u00a0<\/strong><\/p>\n<p>\u2013 Det \u00e4r v\u00e4l d\u00e5ligt, g\u00e5rdagen var v\u00e4ntad men i dag \u00e4r det sn\u00e4ppet s\u00e4mre \u00e4n f\u00f6rv\u00e4ntat.<\/p>\n<p>Poromaa rycker uppgivet p\u00e5 axlarna.\u00a0<\/p>\n<p>\u2013 Det \u00e4r vad det \u00e4r, jag tycker jag brukar ha en r\u00e4tt tung k\u00e4nsla i Toblach alltid. Men det \u00e4r synd att det inte svarar mer \u00e4n s\u00e5 h\u00e4r d\u00e5.<\/p>\n<p>N\u00e4r han f\u00e5r h\u00f6ra vad Olsson sagt inf\u00f6r nickar Poromaa.\u00a0<\/p>\n<p>\u2013 Ja, jo, distansen ska ju passa. Men i dag var inte dagen.<\/p>\n<p><strong>K\u00e4nner du oro inf\u00f6r OS?\u00a0<\/strong><\/p>\n<p>\u2013 Ja, det \u00e4r klart det \u00e4r det. Det \u00e4r inte bra.<\/p>\n<p>Det blev en helnorsk pall i loppet. Mattis Stenshagen vann f\u00f6re Johannes H\u00f6sflot Kl\u00e4bo och Emil Iversen. Edvin Anger var b\u00e4ste svensk med en femteplats.\u00a0<\/p>\n","protected":false},"excerpt":{"rendered":"Johan Olsson ville se William Poromaa i storform.\u00a0 I st\u00e4llet fick han se svensken vara \u00f6ver en minut&hellip;\n","protected":false},"author":2,"featured_media":120827,"comment_status":"","ping_status":"","sticky":false,"template":"","format":"standard","meta":{"footnotes":""},"categories":[68],"tags":[12726,12204,12841,934,34,857,111,110,31,33,32,30],"class_list":{"0":"post-120826","1":"post","2":"type-post","3":"status-publish","4":"format-standard","5":"has-post-thumbnail","7":"category-sport","8":"tag-newsstory-tour-de-ski-2025-2026","9":"tag-organization-tour-de-ski","10":"tag-person-johan-olsson","11":"tag-person-william-poromaa","12":"tag-se","13":"tag-sections-langdskidor","14":"tag-sport","15":"tag-sports","16":"tag-svenska","17":"tag-sverige","18":"tag-sweden","19":"tag-swedish"},"share_on_mastodon":{"url":"https:\/\/pubeurope.com\/@se\/115808419401330392","error":""},"_links":{"self":[{"href":"https:\/\/www.europesays.com\/se\/wp-json\/wp\/v2\/posts\/120826","targetHints":{"allow":["GET"]}}],"collection":[{"href":"https:\/\/www.europesays.com\/se\/wp-json\/wp\/v2\/posts"}],"about":[{"href":"https:\/\/www.europesays.com\/se\/wp-json\/wp\/v2\/types\/post"}],"author":[{"embeddable":true,"href":"https:\/\/www.europesays.com\/se\/wp-json\/wp\/v2\/users\/2"}],"replies":[{"embeddable":true,"href":"https:\/\/www.europesays.com\/se\/wp-json\/wp\/v2\/comments?post=120826"}],"version-history":[{"count":0,"href":"https:\/\/www.europesays.com\/se\/wp-json\/wp\/v2\/posts\/120826\/revisions"}],"wp:featuredmedia":[{"embeddable":true,"href":"https:\/\/www.europesays.com\/se\/wp-json\/wp\/v2\/media\/120827"}],"wp:attachment":[{"href":"https:\/\/www.europesays.com\/se\/wp-json\/wp\/v2\/media?parent=120826"}],"wp:term":[{"taxonomy":"category","embeddable":true,"href":"https:\/\/www.europesays.com\/se\/wp-json\/wp\/v2\/categories?post=120826"},{"taxonomy":"post_tag","embeddable":true,"href":"https:\/\/www.europesays.com\/se\/wp-json\/wp\/v2\/tags?post=120826"}],"curies":[{"name":"wp","href":"https:\/\/api.w.org\/{rel}","templated":true}]}}