{"id":120828,"date":"2025-12-30T12:04:10","date_gmt":"2025-12-30T12:04:10","guid":{"rendered":"https:\/\/www.europesays.com\/se\/120828\/"},"modified":"2025-12-30T12:04:10","modified_gmt":"2025-12-30T12:04:10","slug":"samsung-visar-upp-varldens-forsta-6k-3d-skarm","status":"publish","type":"post","link":"https:\/\/www.europesays.com\/se\/120828\/","title":{"rendered":"Samsung visar upp v\u00e4rldens f\u00f6rsta 6k 3D-sk\u00e4rm"},"content":{"rendered":"<p>Samsung har nu presenterat sin nya Odyssey-serie med bildsk\u00e4rmar f\u00f6r 2026. Bland nyheterna finns v\u00e4rldens f\u00f6rsta 6k-sk\u00e4rm med glas\u00f6gonfri 3D och en modell som n\u00e5r hela 1040 Hz i uppdateringsfrekvens.<\/p>\n<p>Toppmodellen Odyssey 3D (G90XH) \u00e4r en 32-tumssk\u00e4rm med 6K-uppl\u00f6sning och 3D-visning som inte kr\u00e4ver n\u00e5gra glas\u00f6gon. Tack vare inbyggd \u00f6gonsp\u00e5rning anpassas djupet ist\u00e4llet i realtid efter spelarens position.<\/p>\n<p>Odyssey G6 (G60H) \u00e4r sedan en 27-tumssk\u00e4rm med v\u00e4rldens h\u00f6gsta uppdateringsfrekvens p\u00e5 1040 Hz via Samsungs s\u00e5 kallade Dual Mode-l\u00e4ge. Den har \u00e4ven st\u00f6d f\u00f6r bildteknikerna AMD FreeSync Premium Pro och Nvidia G-Sync.<\/p>\n<p>Serien kompletteras av tre nya Odyssey G8-modeller, med alternativ p\u00e5 6K, 5K och 4K OLED. Samtliga nya modeller kommer visas upp i detalj under CES 2026-m\u00e4ssan som startar den 6 januari. Vad de kommer att kosta \u00e4r ok\u00e4nt.<\/p>\n","protected":false},"excerpt":{"rendered":"Samsung har nu presenterat sin nya Odyssey-serie med bildsk\u00e4rmar f\u00f6r 2026. Bland nyheterna finns v\u00e4rldens f\u00f6rsta 6k-sk\u00e4rm med&hellip;\n","protected":false},"author":2,"featured_media":120829,"comment_status":"","ping_status":"","sticky":false,"template":"","format":"standard","meta":{"footnotes":""},"categories":[66],"tags":[80,78,79,34,31,33,32,30,81,84,83,82],"class_list":{"0":"post-120828","1":"post","2":"type-post","3":"status-publish","4":"format-standard","5":"has-post-thumbnail","7":"category-vetenskap-och-teknik","8":"tag-science","9":"tag-science-and-technology","10":"tag-scienceandtechnology","11":"tag-se","12":"tag-svenska","13":"tag-sverige","14":"tag-sweden","15":"tag-swedish","16":"tag-technology","17":"tag-teknik","18":"tag-vetenskap","19":"tag-vetenskapteknik"},"share_on_mastodon":{"url":"https:\/\/pubeurope.com\/@se\/115808427331703622","error":""},"_links":{"self":[{"href":"https:\/\/www.europesays.com\/se\/wp-json\/wp\/v2\/posts\/120828","targetHints":{"allow":["GET"]}}],"collection":[{"href":"https:\/\/www.europesays.com\/se\/wp-json\/wp\/v2\/posts"}],"about":[{"href":"https:\/\/www.europesays.com\/se\/wp-json\/wp\/v2\/types\/post"}],"author":[{"embeddable":true,"href":"https:\/\/www.europesays.com\/se\/wp-json\/wp\/v2\/users\/2"}],"replies":[{"embeddable":true,"href":"https:\/\/www.europesays.com\/se\/wp-json\/wp\/v2\/comments?post=120828"}],"version-history":[{"count":0,"href":"https:\/\/www.europesays.com\/se\/wp-json\/wp\/v2\/posts\/120828\/revisions"}],"wp:featuredmedia":[{"embeddable":true,"href":"https:\/\/www.europesays.com\/se\/wp-json\/wp\/v2\/media\/120829"}],"wp:attachment":[{"href":"https:\/\/www.europesays.com\/se\/wp-json\/wp\/v2\/media?parent=120828"}],"wp:term":[{"taxonomy":"category","embeddable":true,"href":"https:\/\/www.europesays.com\/se\/wp-json\/wp\/v2\/categories?post=120828"},{"taxonomy":"post_tag","embeddable":true,"href":"https:\/\/www.europesays.com\/se\/wp-json\/wp\/v2\/tags?post=120828"}],"curies":[{"name":"wp","href":"https:\/\/api.w.org\/{rel}","templated":true}]}}