{"id":120838,"date":"2025-12-30T12:16:11","date_gmt":"2025-12-30T12:16:11","guid":{"rendered":"https:\/\/www.europesays.com\/se\/120838\/"},"modified":"2025-12-30T12:16:11","modified_gmt":"2025-12-30T12:16:11","slug":"svensk-handel-rapporterar-okad-forsaljning-under-julen","status":"publish","type":"post","link":"https:\/\/www.europesays.com\/se\/120838\/","title":{"rendered":"Svensk Handel rapporterar \u00f6kad f\u00f6rs\u00e4ljning under julen"},"content":{"rendered":"<p class=\"css-176tai e10i1bew2\"><strong>L\u00c4S OCKS\u00c5: <\/strong><strong><a href=\"https:\/\/www.market.se\/artikel\/nya-siffror-jattelyft-for-handeln-i-december-kanske-en-vandpunkt\/\" rel=\"nofollow noopener\" target=\"_blank\">Nya siffror \u2013 j\u00e4ttelyft f\u00f6r handeln i december: \u201dKanske en v\u00e4ndpunkt\u201d<\/a><\/strong><\/p>\n<p class=\"css-176tai e10i1bew2\">F\u00f6rs\u00e4ljningen inom dagligvaruhandeln mellan f\u00f6rsta december och julafton steg med 6 procent, j\u00e4mf\u00f6rt med samma period i fjol. S\u00e4llank\u00f6psvaruhandelns f\u00f6rs\u00e4ljning steg med 4,6 procent. F\u00f6r den totala detaljhandeln \u00f6kade f\u00f6rs\u00e4ljningen med 5,3 procent. Det visar siffror fr\u00e5n Svensk Handel, som tagit fram siffrorna med hj\u00e4lp av kortk\u00f6psdata fr\u00e5n Again. <\/p>\n<p class=\"css-176tai e10i1bew2\">\u2013 Det h\u00e4r ligger i linje med den prognos vi publicerade innan jul, som indikerar att julhandeln \u00f6kar och i \u00e5r landar p\u00e5 24,5 miljarder kronor. Det \u00e4r enbart rekord\u00e5ret 2021 som haft en h\u00f6gre prognos, vilket talar f\u00f6r att handelns \u00e5terh\u00e4mtning nu \u00e4ntligen \u00e4r p\u00e5 g\u00e5ng, s\u00e4ger Maria Mikkonen, chefsekonom p\u00e5 Svensk Handel, i ett pressmeddelande. <\/p>\n<p class=\"css-176tai e10i1bew2\">Julhandelns sista vecka \u00f6kade s\u00e4llank\u00f6psvaruhandeln med 3,8 procent och dagligvaruhandeln med 3,3 procent j\u00e4mf\u00f6rt med 2024. <\/p>\n<p class=\"css-176tai e10i1bew2\">\u2013 V\u00e5r f\u00f6rhoppning \u00e4r att dessa starka siffror \u00e4r ett gott tecken f\u00f6r den nu p\u00e5g\u00e5ende mellandagsrean, d\u00e4r vi redan nu kan konstatera att m\u00e5nga medlemmar rapporterar om ett h\u00f6gt tryck i butikerna, s\u00e4ger Maria Mikkonen. <\/p>\n<p class=\"css-176tai e10i1bew2\"><strong>L\u00c4S OCKS\u00c5: <\/strong><strong><a href=\"https:\/\/www.market.se\/artikel\/en-vecka-kvar-market-tar-tempen-pa-julhandeln\/\" rel=\"nofollow noopener\" target=\"_blank\">Market tar tempen p\u00e5 julhandeln<\/a><\/strong><\/p>\n","protected":false},"excerpt":{"rendered":"L\u00c4S OCKS\u00c5: Nya siffror \u2013 j\u00e4ttelyft f\u00f6r handeln i december: \u201dKanske en v\u00e4ndpunkt\u201d F\u00f6rs\u00e4ljningen inom dagligvaruhandeln mellan f\u00f6rsta&hellip;\n","protected":false},"author":2,"featured_media":120839,"comment_status":"","ping_status":"","sticky":false,"template":"","format":"standard","meta":{"footnotes":""},"categories":[5],"tags":[22,23,26,27,17,21,24,25,28,29,15,16,18,34,31,33,32,30,19,20],"class_list":{"0":"post-120838","1":"post","2":"type-post","3":"status-publish","4":"format-standard","5":"has-post-thumbnail","7":"category-rubriker","8":"tag-breaking-news","9":"tag-breakingnews","10":"tag-featured-news","11":"tag-featurednews","12":"tag-headlines","13":"tag-huvudnyheter","14":"tag-latest-news","15":"tag-latestnews","16":"tag-main-news","17":"tag-mainnews","18":"tag-news","19":"tag-nyheter","20":"tag-rubriker","21":"tag-se","22":"tag-svenska","23":"tag-sverige","24":"tag-sweden","25":"tag-swedish","26":"tag-top-stories","27":"tag-topstories"},"share_on_mastodon":{"url":"https:\/\/pubeurope.com\/@se\/115808474397949413","error":""},"_links":{"self":[{"href":"https:\/\/www.europesays.com\/se\/wp-json\/wp\/v2\/posts\/120838","targetHints":{"allow":["GET"]}}],"collection":[{"href":"https:\/\/www.europesays.com\/se\/wp-json\/wp\/v2\/posts"}],"about":[{"href":"https:\/\/www.europesays.com\/se\/wp-json\/wp\/v2\/types\/post"}],"author":[{"embeddable":true,"href":"https:\/\/www.europesays.com\/se\/wp-json\/wp\/v2\/users\/2"}],"replies":[{"embeddable":true,"href":"https:\/\/www.europesays.com\/se\/wp-json\/wp\/v2\/comments?post=120838"}],"version-history":[{"count":0,"href":"https:\/\/www.europesays.com\/se\/wp-json\/wp\/v2\/posts\/120838\/revisions"}],"wp:featuredmedia":[{"embeddable":true,"href":"https:\/\/www.europesays.com\/se\/wp-json\/wp\/v2\/media\/120839"}],"wp:attachment":[{"href":"https:\/\/www.europesays.com\/se\/wp-json\/wp\/v2\/media?parent=120838"}],"wp:term":[{"taxonomy":"category","embeddable":true,"href":"https:\/\/www.europesays.com\/se\/wp-json\/wp\/v2\/categories?post=120838"},{"taxonomy":"post_tag","embeddable":true,"href":"https:\/\/www.europesays.com\/se\/wp-json\/wp\/v2\/tags?post=120838"}],"curies":[{"name":"wp","href":"https:\/\/api.w.org\/{rel}","templated":true}]}}