{"id":120844,"date":"2025-12-30T12:24:07","date_gmt":"2025-12-30T12:24:07","guid":{"rendered":"https:\/\/www.europesays.com\/se\/120844\/"},"modified":"2025-12-30T12:24:07","modified_gmt":"2025-12-30T12:24:07","slug":"svt-svarar-pa-hanne-kjollers-kritik","status":"publish","type":"post","link":"https:\/\/www.europesays.com\/se\/120844\/","title":{"rendered":"SVT svarar p\u00e5 Hanne Kj\u00f6llers kritik"},"content":{"rendered":"<p>Det h\u00e4r \u00e4r en text fr\u00e5n SvD Ledare. Ledarredaktionen \u00e4r partipolitiskt oavh\u00e4ngig med beteckningen obunden moderat.<\/p>\n<p>Fr\u00e5n SVT:s sida svarar vi ofta p\u00e5 fr\u00e5gor fr\u00e5n publiken och journalister, men mer s\u00e4llan n\u00e4r det g\u00e4ller opinionstexter som publiceras p\u00e5 landets ledarsidor. SVT ska sj\u00e4lvklart kunna kritiseras. Det st\u00e5r alla fritt att uttrycka sina \u00e5sikter om v\u00e5r verksamhet.<\/p>\n","protected":false},"excerpt":{"rendered":"Det h\u00e4r \u00e4r en text fr\u00e5n SvD Ledare. Ledarredaktionen \u00e4r partipolitiskt oavh\u00e4ngig med beteckningen obunden moderat. Fr\u00e5n SVT:s&hellip;\n","protected":false},"author":2,"featured_media":120845,"comment_status":"","ping_status":"","sticky":false,"template":"","format":"standard","meta":{"footnotes":""},"categories":[5],"tags":[22,23,26,27,17,21,24,25,28,29,15,16,18,34,31,33,32,30,19,20],"class_list":{"0":"post-120844","1":"post","2":"type-post","3":"status-publish","4":"format-standard","5":"has-post-thumbnail","7":"category-rubriker","8":"tag-breaking-news","9":"tag-breakingnews","10":"tag-featured-news","11":"tag-featurednews","12":"tag-headlines","13":"tag-huvudnyheter","14":"tag-latest-news","15":"tag-latestnews","16":"tag-main-news","17":"tag-mainnews","18":"tag-news","19":"tag-nyheter","20":"tag-rubriker","21":"tag-se","22":"tag-svenska","23":"tag-sverige","24":"tag-sweden","25":"tag-swedish","26":"tag-top-stories","27":"tag-topstories"},"share_on_mastodon":{"url":"https:\/\/pubeurope.com\/@se\/115808505842150124","error":""},"_links":{"self":[{"href":"https:\/\/www.europesays.com\/se\/wp-json\/wp\/v2\/posts\/120844","targetHints":{"allow":["GET"]}}],"collection":[{"href":"https:\/\/www.europesays.com\/se\/wp-json\/wp\/v2\/posts"}],"about":[{"href":"https:\/\/www.europesays.com\/se\/wp-json\/wp\/v2\/types\/post"}],"author":[{"embeddable":true,"href":"https:\/\/www.europesays.com\/se\/wp-json\/wp\/v2\/users\/2"}],"replies":[{"embeddable":true,"href":"https:\/\/www.europesays.com\/se\/wp-json\/wp\/v2\/comments?post=120844"}],"version-history":[{"count":0,"href":"https:\/\/www.europesays.com\/se\/wp-json\/wp\/v2\/posts\/120844\/revisions"}],"wp:featuredmedia":[{"embeddable":true,"href":"https:\/\/www.europesays.com\/se\/wp-json\/wp\/v2\/media\/120845"}],"wp:attachment":[{"href":"https:\/\/www.europesays.com\/se\/wp-json\/wp\/v2\/media?parent=120844"}],"wp:term":[{"taxonomy":"category","embeddable":true,"href":"https:\/\/www.europesays.com\/se\/wp-json\/wp\/v2\/categories?post=120844"},{"taxonomy":"post_tag","embeddable":true,"href":"https:\/\/www.europesays.com\/se\/wp-json\/wp\/v2\/tags?post=120844"}],"curies":[{"name":"wp","href":"https:\/\/api.w.org\/{rel}","templated":true}]}}