{"id":120857,"date":"2025-12-30T12:38:08","date_gmt":"2025-12-30T12:38:08","guid":{"rendered":"https:\/\/www.europesays.com\/se\/120857\/"},"modified":"2025-12-30T12:38:08","modified_gmt":"2025-12-30T12:38:08","slug":"pave-leo-xiv-manar-till-obevapnad-och-avvapnande-fred-i-en-orolig-varld","status":"publish","type":"post","link":"https:\/\/www.europesays.com\/se\/120857\/","title":{"rendered":"P\u00e5ve Leo XIV manar till \u201dobev\u00e4pnad och avv\u00e4pnande fred\u201d i en orolig v\u00e4rld"},"content":{"rendered":"<p>I sitt budskap till V\u00e4rldsb\u00f6ndagen f\u00f6r fred den 1 januari 2026 riktar p\u00e5ve Leo XIV en kraftfull v\u00e4djan till v\u00e4rldens folk och ledare att bryta med v\u00e5ldets och upprustningens logik och i st\u00e4llet v\u00e4lja en fred som \u00e4r rotad i f\u00f6rtroende, dialog och inre omv\u00e4ndelse. Den fred som kyrkan f\u00f6rkunnar, betonar p\u00e5ven, \u00e4r \u201dden uppst\u00e5ndne Kristi fred \u2013 obev\u00e4pnad och avv\u00e4pnande, \u00f6dmjuk och uth\u00e5llig\u201d.<\/p>\n<p><b>Vatican News<\/b><\/p>\n<p>Budskapet tar sin utg\u00e5ngspunkt i Jesu ord \u201dFrid vare med er\u201d, som enligt p\u00e5ve Leo XIV inte bara \u00e4r en from \u00f6nskan utan en verklighet som kan f\u00f6r\u00e4ndra b\u00e5de m\u00e4nniskor och samh\u00e4llen. \u201dFreden finns; den vill ta sin boning i oss\u201d, skriver han och framh\u00e5ller att fred inte bara \u00e4r ett framtida m\u00e5l utan \u201den n\u00e4rvaro och en v\u00e4g\u201d som m\u00e5ste levas och skyddas, \u00e4ven n\u00e4r den hotas av r\u00e4dsla, v\u00e5ld och misstro.<\/p>\n<p>P\u00e5ven beskriver v\u00e4rldssituationen och varnar f\u00f6r att internationell politik allt oftare styrs av konfrontation och milit\u00e4r avskr\u00e4ckning snarare \u00e4n av r\u00e4tt, r\u00e4ttvisa och tillit. Den \u00f6kande milit\u00e4ra upprustningen och tron p\u00e5 k\u00e4rnvapen som s\u00e4kerhetsgaranti skapar enligt honom inte trygghet, utan en v\u00e4rld som pr\u00e4glas av st\u00e4ndig r\u00e4dsla. N\u00e4r freden reduceras till ett avl\u00e4gset ideal, menar p\u00e5ven, riskerar m\u00e4nniskor att v\u00e4nja sig vid att den kr\u00e4nks \u2013 eller till och med att krig f\u00f6rs i dess namn.<\/p>\n<p>S\u00e4rskilt allvarlig \u00e4r, enligt Leo XIV, utvecklingen d\u00e4r ny teknik och artificiell intelligens integreras i krigf\u00f6ringen. Han varnar f\u00f6r en farlig ansvarsf\u00f6rskjutning, d\u00e4r \u201dbeslut om liv och d\u00f6d i allt h\u00f6gre grad delegeras till maskiner\u201d. Detta beskriver han som ett historiskt brott mot de m\u00e4nskliga och r\u00e4ttsliga principer som ska skydda personens v\u00e4rdighet.<\/p>\n<p>Samtidigt insk\u00e4rper p\u00e5ven att kristen fred inte \u00e4r passivitet. Med h\u00e4nvisning till Jesu ickev\u00e5ld och uppmaningen att \u201ds\u00e4tta sv\u00e4rdet tillbaka i skidan\u201d betonar han att den kristna v\u00e4gen ofta v\u00e4cker motst\u00e5nd och r\u00e4dsla, men att kyrkan \u00e4r kallad att b\u00e4ra profetiskt vittnesb\u00f6rd om denna v\u00e4g. \u201dDen uppst\u00e5ndne Jesu fred \u00e4r obev\u00e4pnad, eftersom hans kamp var obev\u00e4pnad\u201d, skriver han och erk\u00e4nner att kristna historiskt sett alltf\u00f6r ofta har misslyckats med detta vittnesb\u00f6rd.<\/p>\n<p>Ett centralt tema i budskapet \u00e4r behovet av avrustning \u2013 inte bara milit\u00e4r utan ocks\u00e5 inre. P\u00e5ve Leo XIV \u00e5terknyter till p\u00e5ve Johannes XXIII:s tanke om \u201dhelomfattande avrustning\u201d, d\u00e4r f\u00f6rnyelsen av hj\u00e4rta och sinne \u00e4r avg\u00f6rande. \u201dSann och varaktig fred mellan nationer kan inte best\u00e5 i innehavet av lika mycket vapen, utan endast i \u00f6msesidig tillit\u201d, p\u00e5minner han.<\/p>\n<p>P\u00e5ven riktar ocks\u00e5 en skarp varning till religi\u00f6sa samfund som l\u00e5ter trons spr\u00e5k anv\u00e4ndas f\u00f6r att r\u00e4ttf\u00e4rdiga nationalism, v\u00e5ld och krig. Att \u00e5beropa Gud f\u00f6r att legitimera v\u00e4pnad kamp kallar han en form av h\u00e4delse. I st\u00e4llet uppmanar han troende att genom sina liv vittna om fred genom b\u00f6n och ekumenisk och interreligi\u00f6s dialog. Varje gemenskap b\u00f6r, skriver han, vara \u201dett fredens hus, d\u00e4r fientlighet avv\u00e4pnas genom dialog, d\u00e4r r\u00e4ttvisa praktiseras och f\u00f6rl\u00e5telse v\u00e5rdas\u201d.<\/p>\n<p>Samtidigt betonar p\u00e5ve Leo XIV det politiska ansvaret. Diplomati, medling och internationell r\u00e4tt \u00e4r enligt honom avg\u00f6rande verktyg f\u00f6r fred, och han uttrycker oro \u00f6ver att internationella avtal undergr\u00e4vs i en tid d\u00e5 det i st\u00e4llet beh\u00f6vs starkare \u00f6verstatliga institutioner. Fred, understryker han, kr\u00e4ver b\u00e5de andlig omv\u00e4ndelse och konkreta politiska beslut.<\/p>\n<p>Budskapet avslutas i hoppets tecken. P\u00e5ven knyter an till Jubel\u00e5ret f\u00f6r hopp och uppmanar m\u00e4nniskor att se sig sj\u00e4lva som pilgrimer p\u00e5 en gemensam v\u00e4g mot fred. Med profeten Jesajas ord tecknar han visionen av en v\u00e4rld d\u00e4r \u201dsv\u00e4rd smids till plogbillar\u201d och uppmanar: \u201dKom, l\u00e5t oss vandra i Herrens ljus.\u201d<\/p>\n","protected":false},"excerpt":{"rendered":"I sitt budskap till V\u00e4rldsb\u00f6ndagen f\u00f6r fred den 1 januari 2026 riktar p\u00e5ve Leo XIV en kraftfull v\u00e4djan&hellip;\n","protected":false},"author":2,"featured_media":120858,"comment_status":"","ping_status":"","sticky":false,"template":"","format":"standard","meta":{"footnotes":""},"categories":[14],"tags":[22,23,26,27,17,21,24,25,28,29,15,16,18,34,31,33,32,30,19,20,51,52,53,54],"class_list":{"0":"post-120857","1":"post","2":"type-post","3":"status-publish","4":"format-standard","5":"has-post-thumbnail","7":"category-varlden","8":"tag-breaking-news","9":"tag-breakingnews","10":"tag-featured-news","11":"tag-featurednews","12":"tag-headlines","13":"tag-huvudnyheter","14":"tag-latest-news","15":"tag-latestnews","16":"tag-main-news","17":"tag-mainnews","18":"tag-news","19":"tag-nyheter","20":"tag-rubriker","21":"tag-se","22":"tag-svenska","23":"tag-sverige","24":"tag-sweden","25":"tag-swedish","26":"tag-top-stories","27":"tag-topstories","28":"tag-varlden","29":"tag-world","30":"tag-world-news","31":"tag-worldnews"},"share_on_mastodon":{"url":"https:\/\/pubeurope.com\/@se\/115808560880734000","error":""},"_links":{"self":[{"href":"https:\/\/www.europesays.com\/se\/wp-json\/wp\/v2\/posts\/120857","targetHints":{"allow":["GET"]}}],"collection":[{"href":"https:\/\/www.europesays.com\/se\/wp-json\/wp\/v2\/posts"}],"about":[{"href":"https:\/\/www.europesays.com\/se\/wp-json\/wp\/v2\/types\/post"}],"author":[{"embeddable":true,"href":"https:\/\/www.europesays.com\/se\/wp-json\/wp\/v2\/users\/2"}],"replies":[{"embeddable":true,"href":"https:\/\/www.europesays.com\/se\/wp-json\/wp\/v2\/comments?post=120857"}],"version-history":[{"count":0,"href":"https:\/\/www.europesays.com\/se\/wp-json\/wp\/v2\/posts\/120857\/revisions"}],"wp:featuredmedia":[{"embeddable":true,"href":"https:\/\/www.europesays.com\/se\/wp-json\/wp\/v2\/media\/120858"}],"wp:attachment":[{"href":"https:\/\/www.europesays.com\/se\/wp-json\/wp\/v2\/media?parent=120857"}],"wp:term":[{"taxonomy":"category","embeddable":true,"href":"https:\/\/www.europesays.com\/se\/wp-json\/wp\/v2\/categories?post=120857"},{"taxonomy":"post_tag","embeddable":true,"href":"https:\/\/www.europesays.com\/se\/wp-json\/wp\/v2\/tags?post=120857"}],"curies":[{"name":"wp","href":"https:\/\/api.w.org\/{rel}","templated":true}]}}