{"id":120859,"date":"2025-12-30T12:42:06","date_gmt":"2025-12-30T12:42:06","guid":{"rendered":"https:\/\/www.europesays.com\/se\/120859\/"},"modified":"2025-12-30T12:42:06","modified_gmt":"2025-12-30T12:42:06","slug":"hanna-wijk-lamnar-bk-hacken","status":"publish","type":"post","link":"https:\/\/www.europesays.com\/se\/120859\/","title":{"rendered":"Hanna Wijk l\u00e4mnar BK H\u00e4cken"},"content":{"rendered":"<p><strong>Hanna Wijk l\u00e4mnar BK H\u00e4cken efter fem \u00e5r i klubben. H\u00f6gerbacken flyttar till Tottenham Hotspur i den engelska h\u00f6gstaligan.\u00a0<\/strong><\/p>\n<p><strong>\u2013 BK H\u00e4cken betyder s\u00e5 mycket f\u00f6r mig och kommer alltid att g\u00f6ra det, s\u00e4ger hon.\u00a0<\/strong><\/p>\n<p>\u00a0<\/p>\n<p>I b\u00f6rjan av 2021 kom Hanna Wijk till BK H\u00e4cken i samband med att klubben tog \u00f6ver Kopparbergs\/G\u00f6teborgs FC:s verksamhet. Hennes resa, som inledes i F19-laget, skulle bli l\u00e5ng och betydelsefull i klubben. Under sina fem \u00e5r i BK H\u00e4cken noterades hon f\u00f6r 166 matcher, tre m\u00e5l och 24 assist, samtidigt som hon etablerade sig som en av seriens b\u00e4sta defensiva spelare.\u00a0<\/p>\n<p>\u2013 Jag har verkligen utvecklats och tagit st\u00f6rre steg &#8211; p\u00e5 och utanf\u00f6r fotbollsplanen. H\u00e4cken har utvecklat mig b\u00e5de som fotbollsspelare och m\u00e4nniska, s\u00e4ger Hanna Wijk.\u00a0<\/p>\n<p>\u00a0<\/p>\n<p><strong>Vuxit till en ledargestalt\u00a0<\/strong><\/p>\n<p>Redan 2021, under sitt f\u00f6rsta \u00e5r i BK H\u00e4cken, satte Hanna Wijk avtryck. Debuten kom i Svenska Cupen, d\u00e4r hon stod f\u00f6r tv\u00e5 m\u00e5l mot Jitex BK \u2013 en ovanlig men minnesv\u00e4rd start f\u00f6r en defensiv f\u00f6rsvarare.\u00a0<\/p>\n<p>\u2013 Jag minns mina tv\u00e5 m\u00e5l faktiskt. Det \u00e4r lite konstigt nu n\u00e4r man ser tillbaka p\u00e5 det. Det var s\u00e5klart v\u00e4ldigt speciellt, s\u00e4ger h\u00f6gerbacken.\u00a0<\/p>\n<p>\u00a0<\/p>\n<p>Och med \u00e5ren skulle hon ta en st\u00f6rre roll i laget. Fr\u00e5n att vara en ung talang som tog sina f\u00f6rsta steg i elitfotbollen blev Hanna Wijk en sj\u00e4lvklar del av startelvan. Hon blev en ledargestalt p\u00e5 fotbollsplanen och skulle \u00e4ven utses till vicekapten inf\u00f6r 2025.\u00a0<\/p>\n<p>\u2013 Det \u00e4r kul att kunna bidra med po\u00e4ng s\u00e5klart, men ocks\u00e5 med energi och ledarskap i gruppen. I \u00e5r har jag vuxit i det \u00e4nnu mer och verkligen bidragit p\u00e5 alla plan, s\u00e4ger hon.\u00a0<\/p>\n<p>\u00a0<\/p>\n<p><strong>\u201dVann guldet med hela sitt hj\u00e4rta\u201d\u00a0<\/strong><\/p>\n<p>BK H\u00e4ckens fotbollschef Martin Ericsson s\u00e4ger att Hanna Wijks \u00f6verg\u00e5ng k\u00e4nns lite extra. Talangen som varit med fr\u00e5n b\u00f6rjan och som var den som skulle komma n\u00e4st. \u00a0<\/p>\n<p>\u2013 Den h\u00e4r resan har inte varit spikrak, utan en st\u00e4ndig utveckling bit f\u00f6r bit, s\u00e4ger han. Och nu fick hon blomma ut till en b\u00e4rande spelare och en stor del i guldet &#8211; hon vann guldet med hela sitt hj\u00e4rta det k\u00e4ndes s\u00e5 fint. S\u00e5 \u00e4ven om det \u00e4r vemodigt att hon l\u00e4mnar \u00e4r vi glada f\u00f6r hennes skull \u2013 och vi hoppas och tror att vi ses i framtiden.\u00a0<\/p>\n<p>\u00a0<\/p>\n<p>Ut\u00f6ver sina nationella framg\u00e5ngar har Hanna Wijk \u00e4ven samlat p\u00e5 sig v\u00e4rdefull internationell erfarenhet genom spel i Champions League och Europa Cup. Att ha spelat den typen av matcher och m\u00f6tt n\u00e5gra av v\u00e4rldens b\u00e4sta spelare \u00e4r en viktig erfarenhet att ta med sig, s\u00e4ger hon. \u00a0<\/p>\n<p>Utvecklingen har inte stannat p\u00e5 klubbniv\u00e5. Under \u00e5ren i BK H\u00e4cken har Hanna Wijk \u00e4ven tagit kliv i landslagssammanhang, fr\u00e5n F19-landslaget till U23 och vidare till det svenska A-landslaget. Och bland alla minnen fr\u00e5n tiden i BK H\u00e4cken finns ett som sticker ut \u2013 SM-guldet 2025. \u00a0<\/p>\n<p>\u2013 Jag f\u00e5r fortfarande g\u00e5shud n\u00e4r jag t\u00e4nker p\u00e5 det, det var helt otroligt. Vi har verkligen v\u00e4ntat och k\u00e4mpat i fem \u00e5r. Med den gruppen och laget vi hade k\u00e4ndes det som att vi f\u00f6rtj\u00e4nade det s\u00e5 mycket, s\u00e4ger Hanna Wijk.<\/p>\n<p>\u00a0<\/p>\n<p><strong>Ska utmana sig p\u00e5 nya s\u00e4tt\u00a0<\/strong><\/p>\n<p>Nu v\u00e4ntar ett nytt \u00e4ventyr f\u00f6r 22-\u00e5ringen fr\u00e5n Floda. F\u00f6r f\u00f6rsta g\u00e5ngen i karri\u00e4ren flyttar Hanna Wijk utomlands n\u00e4r hon ansluter till Tottenham Hotspur i England.\u00a0<\/p>\n<p>\u2013 Jag \u00e4r j\u00e4ttetaggad. Det kommer att bli v\u00e4ldigt kul att utmana sig p\u00e5 nya s\u00e4tt. Det kommer att vara tufft s\u00e5klart, men ocks\u00e5 v\u00e4ldigt sp\u00e4nnande, s\u00e4ger hon.\u00a0<\/p>\n<p>\u00a0<\/p>\n<p>22-\u00e5ringens relation till supportrarna har ocks\u00e5 varit en viktig del av tiden i klubben. L\u00e4ktarst\u00f6det har blivit starkare f\u00f6r varje s\u00e4song och betytt mycket f\u00f6r laget ute p\u00e5 fotbollsplanen.\u00a0<\/p>\n<p>\u2013 Supportrarna \u00e4r helt otroliga. Varje match har de st\u00e5tt d\u00e4r och sjungit fram oss och deras l\u00e4ktarst\u00f6d \u00e4r verkligen fantastiskt, s\u00e4ger hon.\u00a0<\/p>\n<p>\u00a0<\/p>\n<p>Avslutningsvis skickar Hanna Wijk en sista h\u00e4lsning till alla som st\u00f6ttat henne under \u00e5ren i BK H\u00e4cken.\u00a0<\/p>\n<p>\u2013 Jag vill att ni ska forts\u00e4tta vara ni. Forts\u00e4tt k\u00f6ra p\u00e5 och forts\u00e4tt bli st\u00f6rre. Det betyder s\u00e5 mycket f\u00f6r oss spelare. Ni \u00e4r grymma, s\u00e4ger Hanna Wijk.<\/p>\n","protected":false},"excerpt":{"rendered":"Hanna Wijk l\u00e4mnar BK H\u00e4cken efter fem \u00e5r i klubben. H\u00f6gerbacken flyttar till Tottenham Hotspur i den engelska&hellip;\n","protected":false},"author":2,"featured_media":120860,"comment_status":"","ping_status":"","sticky":false,"template":"","format":"standard","meta":{"footnotes":""},"categories":[68],"tags":[159,4526,138,4527,3474,34,111,110,31,33,32,30],"class_list":{"0":"post-120859","1":"post","2":"type-post","3":"status-publish","4":"format-standard","5":"has-post-thumbnail","7":"category-sport","8":"tag-allsvenskan","9":"tag-bravida-arena","10":"tag-fotboll","11":"tag-gpa","12":"tag-hisingen","13":"tag-se","14":"tag-sport","15":"tag-sports","16":"tag-svenska","17":"tag-sverige","18":"tag-sweden","19":"tag-swedish"},"share_on_mastodon":{"url":"https:\/\/pubeurope.com\/@se\/115808576844949219","error":""},"_links":{"self":[{"href":"https:\/\/www.europesays.com\/se\/wp-json\/wp\/v2\/posts\/120859","targetHints":{"allow":["GET"]}}],"collection":[{"href":"https:\/\/www.europesays.com\/se\/wp-json\/wp\/v2\/posts"}],"about":[{"href":"https:\/\/www.europesays.com\/se\/wp-json\/wp\/v2\/types\/post"}],"author":[{"embeddable":true,"href":"https:\/\/www.europesays.com\/se\/wp-json\/wp\/v2\/users\/2"}],"replies":[{"embeddable":true,"href":"https:\/\/www.europesays.com\/se\/wp-json\/wp\/v2\/comments?post=120859"}],"version-history":[{"count":0,"href":"https:\/\/www.europesays.com\/se\/wp-json\/wp\/v2\/posts\/120859\/revisions"}],"wp:featuredmedia":[{"embeddable":true,"href":"https:\/\/www.europesays.com\/se\/wp-json\/wp\/v2\/media\/120860"}],"wp:attachment":[{"href":"https:\/\/www.europesays.com\/se\/wp-json\/wp\/v2\/media?parent=120859"}],"wp:term":[{"taxonomy":"category","embeddable":true,"href":"https:\/\/www.europesays.com\/se\/wp-json\/wp\/v2\/categories?post=120859"},{"taxonomy":"post_tag","embeddable":true,"href":"https:\/\/www.europesays.com\/se\/wp-json\/wp\/v2\/tags?post=120859"}],"curies":[{"name":"wp","href":"https:\/\/api.w.org\/{rel}","templated":true}]}}