{"id":120870,"date":"2025-12-30T12:56:06","date_gmt":"2025-12-30T12:56:06","guid":{"rendered":"https:\/\/www.europesays.com\/se\/120870\/"},"modified":"2025-12-30T12:56:06","modified_gmt":"2025-12-30T12:56:06","slug":"fyrverkeri-i-halland-det-har-galler-i-din-kommun-for-nyarsafton-2025","status":"publish","type":"post","link":"https:\/\/www.europesays.com\/se\/120870\/","title":{"rendered":"Fyrverkeri i Halland \u2013 det h\u00e4r g\u00e4ller i din kommun f\u00f6r ny\u00e5rsafton 2025"},"content":{"rendered":"<p>Polistillst\u00e5nd kr\u00e4vs p\u00e5 alla offentliga platser i kommunen, utom under ny\u00e5rsafton, p\u00e5skafton och valborgsm\u00e4ssoafton fram till klockan 3 p\u00e5 natten.<\/p>\n<p>Undantaget \u00e4r centrum d\u00e4r det kr\u00e4vs polistillst\u00e5nd alla dagar p\u00e5 \u00e5ret \u2013 \u00e4ven ny\u00e5rsafton \u2013 se kartan nedan.<\/p>\n<p>\u00d6vriga platser d\u00e4r det \u00e4r f\u00f6rbjudet utan tillst\u00e5nd \u00e4r Hallands sjukhus, sjukhem, \u00e4ldreboende, servicehus och servicecentra och Halmstads ridhus. <\/p>\n","protected":false},"excerpt":{"rendered":"Polistillst\u00e5nd kr\u00e4vs p\u00e5 alla offentliga platser i kommunen, utom under ny\u00e5rsafton, p\u00e5skafton och valborgsm\u00e4ssoafton fram till klockan 3&hellip;\n","protected":false},"author":2,"featured_media":120871,"comment_status":"","ping_status":"","sticky":false,"template":"","format":"standard","meta":{"footnotes":""},"categories":[12],"tags":[22,23,26,27,17,21,24,25,28,29,15,16,18,34,31,33,32,30,19,20],"class_list":{"0":"post-120870","1":"post","2":"type-post","3":"status-publish","4":"format-standard","5":"has-post-thumbnail","7":"category-sverige","8":"tag-breaking-news","9":"tag-breakingnews","10":"tag-featured-news","11":"tag-featurednews","12":"tag-headlines","13":"tag-huvudnyheter","14":"tag-latest-news","15":"tag-latestnews","16":"tag-main-news","17":"tag-mainnews","18":"tag-news","19":"tag-nyheter","20":"tag-rubriker","21":"tag-se","22":"tag-svenska","23":"tag-sverige","24":"tag-sweden","25":"tag-swedish","26":"tag-top-stories","27":"tag-topstories"},"share_on_mastodon":{"url":"https:\/\/pubeurope.com\/@se\/115808631761951309","error":""},"_links":{"self":[{"href":"https:\/\/www.europesays.com\/se\/wp-json\/wp\/v2\/posts\/120870","targetHints":{"allow":["GET"]}}],"collection":[{"href":"https:\/\/www.europesays.com\/se\/wp-json\/wp\/v2\/posts"}],"about":[{"href":"https:\/\/www.europesays.com\/se\/wp-json\/wp\/v2\/types\/post"}],"author":[{"embeddable":true,"href":"https:\/\/www.europesays.com\/se\/wp-json\/wp\/v2\/users\/2"}],"replies":[{"embeddable":true,"href":"https:\/\/www.europesays.com\/se\/wp-json\/wp\/v2\/comments?post=120870"}],"version-history":[{"count":0,"href":"https:\/\/www.europesays.com\/se\/wp-json\/wp\/v2\/posts\/120870\/revisions"}],"wp:featuredmedia":[{"embeddable":true,"href":"https:\/\/www.europesays.com\/se\/wp-json\/wp\/v2\/media\/120871"}],"wp:attachment":[{"href":"https:\/\/www.europesays.com\/se\/wp-json\/wp\/v2\/media?parent=120870"}],"wp:term":[{"taxonomy":"category","embeddable":true,"href":"https:\/\/www.europesays.com\/se\/wp-json\/wp\/v2\/categories?post=120870"},{"taxonomy":"post_tag","embeddable":true,"href":"https:\/\/www.europesays.com\/se\/wp-json\/wp\/v2\/tags?post=120870"}],"curies":[{"name":"wp","href":"https:\/\/api.w.org\/{rel}","templated":true}]}}