{"id":120872,"date":"2025-12-30T12:57:07","date_gmt":"2025-12-30T12:57:07","guid":{"rendered":"https:\/\/www.europesays.com\/se\/120872\/"},"modified":"2025-12-30T12:57:07","modified_gmt":"2025-12-30T12:57:07","slug":"pojke-fattade-eld-skulle-utfora-brandattentat-i-malmo","status":"publish","type":"post","link":"https:\/\/www.europesays.com\/se\/120872\/","title":{"rendered":"Pojke fattade eld \u2013 skulle utf\u00f6ra brandattentat i Malm\u00f6"},"content":{"rendered":"<p>N\u00e4r pojken kom hem s\u00e5g hans mamma att han var allvarligt br\u00e4nnskadad, skriver polisen i ett pressmeddelande. Mamman ringde 112 och pojken f\u00f6rdes till sjukhus d\u00e4r han fortfarande v\u00e5rdas f\u00f6r br\u00e4nnskadorna.<\/p>\n<p>Polisen uppger sig ha f\u00f6rhindrat ett flertal brandattentat i Malm\u00f6 den senaste tiden d\u00e4r ungdomar tagit p\u00e5 sig uppdragen via sociala medier. Sedan mitten av december har ett tiotal misst\u00e4nkta mordbr\u00e4nder intr\u00e4ffat p\u00e5 olika adresser i Malm\u00f6.<\/p>\n<p>\u2013 Br\u00e4nderna \u00e4r kopplade till en p\u00e5g\u00e5ende konflikt i Malm\u00f6, s\u00e4ger Rasem Chebil, operativ chef f\u00f6r utredningssektionen i Malm\u00f6 i pressmeddelandet.<\/p>\n<p>Flera attentat har stoppats<\/p>\n<p>Polisen har uppmanat bensinstationer i Malm\u00f6trakten att vara vaksamma p\u00e5 ungdomar som k\u00f6per bensin. Det har enligt polisen lett till att flera attentat hejdats genom gripanden. <\/p>\n<p>Sammanlagt tio personer har varit frihetsber\u00f6vade misst\u00e4nkta f\u00f6r mordbrand eller f\u00f6rs\u00f6k till mordbrand den senaste tiden. Tv\u00e5 av dem \u00e4r under 15 \u00e5r. <\/p>\n<p>\u2013 Jag tror inte att de f\u00f6rst\u00e5r konsekvenserna av sitt handlade, varken den stora fara de uts\u00e4tter andra f\u00f6r genom att anl\u00e4gga en brand eller att de sj\u00e4lva kan skadas allvarligt, s\u00e4ger Rasem Chebil.<\/p>\n<p>Pojken som kom till sjukhus med br\u00e4nnskador efter attentatet p\u00e5 juldagskv\u00e4llen \u00e4r h\u00e4ktad i sin fr\u00e5nvaro eftersom han fortsatt beh\u00f6ver v\u00e5rd.<\/p>\n","protected":false},"excerpt":{"rendered":"N\u00e4r pojken kom hem s\u00e5g hans mamma att han var allvarligt br\u00e4nnskadad, skriver polisen i ett pressmeddelande. Mamman&hellip;\n","protected":false},"author":2,"featured_media":793,"comment_status":"","ping_status":"","sticky":false,"template":"","format":"standard","meta":{"footnotes":""},"categories":[5],"tags":[22,23,26,27,17,21,24,25,28,29,15,16,18,34,31,33,32,30,19,20],"class_list":{"0":"post-120872","1":"post","2":"type-post","3":"status-publish","4":"format-standard","5":"has-post-thumbnail","7":"category-rubriker","8":"tag-breaking-news","9":"tag-breakingnews","10":"tag-featured-news","11":"tag-featurednews","12":"tag-headlines","13":"tag-huvudnyheter","14":"tag-latest-news","15":"tag-latestnews","16":"tag-main-news","17":"tag-mainnews","18":"tag-news","19":"tag-nyheter","20":"tag-rubriker","21":"tag-se","22":"tag-svenska","23":"tag-sverige","24":"tag-sweden","25":"tag-swedish","26":"tag-top-stories","27":"tag-topstories"},"share_on_mastodon":{"url":"https:\/\/pubeurope.com\/@se\/115808635632217335","error":""},"_links":{"self":[{"href":"https:\/\/www.europesays.com\/se\/wp-json\/wp\/v2\/posts\/120872","targetHints":{"allow":["GET"]}}],"collection":[{"href":"https:\/\/www.europesays.com\/se\/wp-json\/wp\/v2\/posts"}],"about":[{"href":"https:\/\/www.europesays.com\/se\/wp-json\/wp\/v2\/types\/post"}],"author":[{"embeddable":true,"href":"https:\/\/www.europesays.com\/se\/wp-json\/wp\/v2\/users\/2"}],"replies":[{"embeddable":true,"href":"https:\/\/www.europesays.com\/se\/wp-json\/wp\/v2\/comments?post=120872"}],"version-history":[{"count":0,"href":"https:\/\/www.europesays.com\/se\/wp-json\/wp\/v2\/posts\/120872\/revisions"}],"wp:featuredmedia":[{"embeddable":true,"href":"https:\/\/www.europesays.com\/se\/wp-json\/wp\/v2\/media\/793"}],"wp:attachment":[{"href":"https:\/\/www.europesays.com\/se\/wp-json\/wp\/v2\/media?parent=120872"}],"wp:term":[{"taxonomy":"category","embeddable":true,"href":"https:\/\/www.europesays.com\/se\/wp-json\/wp\/v2\/categories?post=120872"},{"taxonomy":"post_tag","embeddable":true,"href":"https:\/\/www.europesays.com\/se\/wp-json\/wp\/v2\/tags?post=120872"}],"curies":[{"name":"wp","href":"https:\/\/api.w.org\/{rel}","templated":true}]}}