{"id":120911,"date":"2025-12-30T13:41:08","date_gmt":"2025-12-30T13:41:08","guid":{"rendered":"https:\/\/www.europesays.com\/se\/120911\/"},"modified":"2025-12-30T13:41:08","modified_gmt":"2025-12-30T13:41:08","slug":"vagar-sverige-dumpa-flopparna-har-ar-nyckelfragorna-da-resten-av-os-favoriterna-tar-ut-sina-lag-sport","status":"publish","type":"post","link":"https:\/\/www.europesays.com\/se\/120911\/","title":{"rendered":"V\u00e5gar Sverige dumpa flopparna? H\u00e4r \u00e4r nyckelfr\u00e5gorna d\u00e5 resten av OS-favoriterna tar ut sina lag | Sport"},"content":{"rendered":"<p class=\"aw-1gybjub aw-5vja16 kEtdKx kmuxyA yle__article__paragraph\">Hur kommer Sverige, Kanada och USA att resonera d\u00e5 de ocks\u00e5 st\u00e5r inf\u00f6r tuffa beslut med OS-uttagningen?<\/p>\n<p><img decoding=\"async\" alt=\"Elias Pettersson i landslagsuniform.\" src=\"https:\/\/www.europesays.com\/se\/wp-content\/uploads\/2025\/12\/39-157360769493c99da3f9.jpeg\" class=\"aw-1l9m598 hKVVvP\"\/><\/p>\n<p>\u00d6ppna bildvisare<\/p>\n<p>Elias Pettersson \u00e4r inte ens n\u00e4ra den m\u00e5lform de flesta f\u00f6rv\u00e4ntar sig av honom. G\u00f6r han mer skada \u00e4n nytta i landslaget just nu? Bild: AOPLyssna (du h\u00f6r en artificiell r\u00f6st) 1:38<\/p>\n<p class=\"aw-1gybjub aw-1p7kakr kEtdKx cEmitX yle__article__paragraph\">Ut\u00f6ver Finland finns det tre nationer som faktiskt m\u00e5ste fatta tuffa beslut om vilka NHL-spelare som ryms med p\u00e5 planet till Milano: Sverige, Kanada och USA.<\/p>\n<p class=\"aw-1gybjub aw-1p7kakr kEtdKx cEmitX yle__article__paragraph\">Sveriges l\u00e4ge p\u00e5minner r\u00e4tt mycket om Finlands s\u00e5 till vida att det inte finns s\u00e4rdeles m\u00e5nga platser att spela om. Men en nyckelposition \u00e4r under lupp: centerfilen.<\/p>\n<p class=\"aw-1gybjub aw-1p7kakr kEtdKx cEmitX yle__article__paragraph\">Leo Carlsson har spelat in sig som en superstj\u00e4rna i NHL, men v\u00e5gar Sam Hallam matcha honom som en center i landslaget? Det gjorde han inte i VM.<\/p>\n<p class=\"aw-1gybjub aw-1p7kakr kEtdKx cEmitX yle__article__paragraph\">De \u00f6vriga kandidaterna: Mika Zibanejad, Elias Lindholm, William Karlsson, Joel Eriksson Ek, Mikael Backlund &#8230; och Elias Pettersson.<\/p>\n<p class=\"aw-1gybjub aw-1p7kakr kEtdKx cEmitX yle__article__paragraph\">Pettersson ser just nu inte ut som en elitcenter i NHL. Och fr\u00e5gan \u00e4r om han g\u00f6r mer skada \u00e4n nytta i det svenska OS-laget.<\/p>\n<p class=\"aw-1gybjub aw-1p7kakr kEtdKx cEmitX yle__article__paragraph\">Det \u00e4r \u00f6verlag den yngre generationen som stigit fram f\u00f6r NHL, f\u00e5r de chansen i OS eller litar Hallam och resten av staben p\u00e5 de \u00e4ldre spelarna som inte vunnit n\u00e5got p\u00e5 evigheter?<\/p>\n<p class=\"aw-1gybjub aw-1p7kakr kEtdKx cEmitX yle__article__paragraph\">Kanada beh\u00f6ver samtidigt fatta beslut om Macklin Celebrini h\u00e5ller m\u00e5ttet f\u00f6r OS-truppen och om man beh\u00f6ver mer slagkraftiga knytn\u00e4var i laget i form av Tom Wilson.<\/p>\n<p class=\"aw-1gybjub aw-1p7kakr kEtdKx cEmitX yle__article__paragraph\">Lyssna p\u00e5 NHL-podden f\u00f6r att ocks\u00e5 h\u00f6ra analys om USA:s l\u00e4ge! Veckans avsnitt g\u00e4stas ocks\u00e5 av Toffe Herberts.<\/p>\n<p><img decoding=\"async\" alt=\"\" src=\"https:\/\/www.europesays.com\/se\/wp-content\/uploads\/2025\/12\/13-12-1026-4-1031928-main.jpeg\" class=\"aw-1l9m598 hKVVvP\"\/><\/p>\n","protected":false},"excerpt":{"rendered":"Hur kommer Sverige, Kanada och USA att resonera d\u00e5 de ocks\u00e5 st\u00e5r inf\u00f6r tuffa beslut med OS-uttagningen? \u00d6ppna&hellip;\n","protected":false},"author":2,"featured_media":120912,"comment_status":"","ping_status":"","sticky":false,"template":"","format":"standard","meta":{"footnotes":""},"categories":[68],"tags":[12845,1472,12844,247,6697,5278,34,111,110,31,33,12843,32,30,579],"class_list":{"0":"post-120911","1":"post","2":"type-post","3":"status-publish","4":"format-standard","5":"has-post-thumbnail","7":"category-sport","8":"tag-elias-pettersson","9":"tag-ishockey","10":"tag-kanadas-herrlandslag-i-ishockey","11":"tag-nhl","12":"tag-olympiska-vinterspelen-milano-cortina-2026","13":"tag-sam-hallam","14":"tag-se","15":"tag-sport","16":"tag-sports","17":"tag-svenska","18":"tag-sverige","19":"tag-sveriges-herrlandslag-i-ishockey","20":"tag-sweden","21":"tag-swedish","22":"tag-yle-sporten"},"share_on_mastodon":{"url":"https:\/\/pubeurope.com\/@se\/115808808655394856","error":""},"_links":{"self":[{"href":"https:\/\/www.europesays.com\/se\/wp-json\/wp\/v2\/posts\/120911","targetHints":{"allow":["GET"]}}],"collection":[{"href":"https:\/\/www.europesays.com\/se\/wp-json\/wp\/v2\/posts"}],"about":[{"href":"https:\/\/www.europesays.com\/se\/wp-json\/wp\/v2\/types\/post"}],"author":[{"embeddable":true,"href":"https:\/\/www.europesays.com\/se\/wp-json\/wp\/v2\/users\/2"}],"replies":[{"embeddable":true,"href":"https:\/\/www.europesays.com\/se\/wp-json\/wp\/v2\/comments?post=120911"}],"version-history":[{"count":0,"href":"https:\/\/www.europesays.com\/se\/wp-json\/wp\/v2\/posts\/120911\/revisions"}],"wp:featuredmedia":[{"embeddable":true,"href":"https:\/\/www.europesays.com\/se\/wp-json\/wp\/v2\/media\/120912"}],"wp:attachment":[{"href":"https:\/\/www.europesays.com\/se\/wp-json\/wp\/v2\/media?parent=120911"}],"wp:term":[{"taxonomy":"category","embeddable":true,"href":"https:\/\/www.europesays.com\/se\/wp-json\/wp\/v2\/categories?post=120911"},{"taxonomy":"post_tag","embeddable":true,"href":"https:\/\/www.europesays.com\/se\/wp-json\/wp\/v2\/tags?post=120911"}],"curies":[{"name":"wp","href":"https:\/\/api.w.org\/{rel}","templated":true}]}}