{"id":120921,"date":"2025-12-30T13:50:11","date_gmt":"2025-12-30T13:50:11","guid":{"rendered":"https:\/\/www.europesays.com\/se\/120921\/"},"modified":"2025-12-30T13:50:11","modified_gmt":"2025-12-30T13:50:11","slug":"klubbar-vill-kopa-tomasek-wallin-kan-de-inte","status":"publish","type":"post","link":"https:\/\/www.europesays.com\/se\/120921\/","title":{"rendered":"Klubbar vill k\u00f6pa Tomasek \u2013\u00a0Wallin: &#8221;Kan de inte&#8221;"},"content":{"rendered":"<p>ANNONS<\/p>\n<p class=\"text-white text-sm mb-2\">Bevakningen presenteras av<\/p>\n<p><img alt=\"Coolbet - Top balk\" loading=\"lazy\" width=\"130\" height=\"20\" decoding=\"async\" data-nimg=\"1\" class=\"mx-auto md:mx-0\" style=\"color:transparent\" src=\"https:\/\/delivery2.objectic.io\/7QMcOQTPxZudozTrjFxeQs\/HNbtnbmfMkQx\/Cvk8QRm7arRMNqPgkbZUAxQ8kUA6DdScWlg5lefg.svg\"\/><\/p>\n<p>Spela ansvarsfullt. 18+. Villkor g\u00e4ller.<\/p>\n<p>David Tomasek \u00e4r tillbaka i F\u00e4rjestad. Andra klubbar har visat intresse f\u00f6r att k\u00f6pa honom, men enligt Rickard Wallin har det aldrig handlat om pengar.<\/p>\n<p class=\"\"><a class=\"null text-blue-link\" href=\"https:\/\/hockeynews.se\/nyheter\/avslojar-tomasek-nara-en-aterkomst-i-fbk\" rel=\"nofollow noopener\" target=\"_blank\">Hockeynews<\/a> avsl\u00f6jade f\u00f6r n\u00e5gra dagar sedan att David Tomasek var n\u00e4ra en \u00e5terkomst till F\u00e4rjestad BK. Under m\u00e5ndagen bekr\u00e4ftade klubben att han nu \u00e4r tillbaka i laget. Rickard Wallin ber\u00e4ttar f\u00f6r <a class=\"null text-blue-link\" href=\"https:\/\/www.nwt.se\/2025\/12\/29\/intervju-sa-blev-drommen-verklighet-wallin-har-musklerna-att-kunna-investera-2cac2\/\" rel=\"nofollow noopener\" target=\"_blank\">NWT <\/a>att de h\u00e5llit kontakten under h\u00f6sten, och att Tomasek mot slutet signalerade att han inte varit n\u00f6jd med situationen i Edmonton Oilers. I NHL hade han ett env\u00e4gskontrakt v\u00e4rt \u00f6ver en miljon dollar \u2013 n\u00e5got som \u00e4r kostsamt att bryta.<\/p>\n<p class=\"\">\u2013 Jag brukar s\u00e4ga, och det har n\u00e4stan blivit n\u00e5got folk g\u00f6r sig lustiga \u00f6ver, att om det finns spelare som kan g\u00f6ra v\u00e5rt lag b\u00e4ttre ska vi agera. Vi har de resurserna och musklerna att kunna investera i det vi tycker \u00e4r v\u00e4rt. Och det h\u00e4r tycker vi \u00e4r v\u00e4rt. Det \u00e4r klart att det \u00e4r en stor kostnad, men jag \u00e4r glad att f\u00f6reningen har resurserna f\u00f6r det h\u00e4r \u00e4r givetvis inget vi budgeterat med, s\u00e4ger Wallin till NWT.\u00a0<\/p>\n<p class=\"\">Det har till och med ringts fr\u00e5n andra klubbar som fr\u00e5gat om de kan k\u00f6pa honom, f\u00f6rklarar Wallin.<\/p>\n<p class=\"\">\u2013\u00a0Och det kan de inte. Det \u00e4r inte en ekonomisk fr\u00e5ga. Vi vill g\u00f6ra det vi kan f\u00f6r att g\u00f6ra laget b\u00e4ttre. Och det k\u00e4nns j\u00e4ttekul att kunna g\u00f6ra det h\u00e4r f\u00f6r fansen, f\u00f6r laget, f\u00f6r alla som f\u00f6ljer oss.<\/p>\n<p class=\"\">Kontraktet mellan parterna g\u00e4ller s\u00e4songen ut.<\/p>\n<p>Kommentarer TopprankadeSenaste\u00c4ldstaTrendar<\/p>\n<p>Skaffa PLUS f\u00f6r att kommentera<\/p>\n<p>Med en aktiv PLUS-prenumeration kan du kommentera, svara p\u00e5 andra och gilla kommentarer.<\/p>\n<p><a class=\"btn-primary btn-small\" href=\"https:\/\/hockeynews.se\/plus\" rel=\"nofollow noopener\" target=\"_blank\">Skaffa PLUS<\/a><\/p>\n<p>Halva priset p\u00e5 TV4 Play Sport Hockey \u2013 <a class=\"text-yellow underline\" href=\"https:\/\/www.tv4play.se\/kampanj\/hockeynewshockey\" rel=\"nofollow noopener\" target=\"_blank\">f\u00e5 kod med Hockeynews h\u00e4r!<\/a> (Annons)<\/p>\n","protected":false},"excerpt":{"rendered":"ANNONS Bevakningen presenteras av Spela ansvarsfullt. 18+. Villkor g\u00e4ller. David Tomasek \u00e4r tillbaka i F\u00e4rjestad. Andra klubbar har&hellip;\n","protected":false},"author":2,"featured_media":120922,"comment_status":"","ping_status":"","sticky":false,"template":"","format":"standard","meta":{"footnotes":""},"categories":[5],"tags":[22,23,26,27,17,21,24,25,28,29,15,16,18,34,31,33,32,30,19,20],"class_list":{"0":"post-120921","1":"post","2":"type-post","3":"status-publish","4":"format-standard","5":"has-post-thumbnail","7":"category-rubriker","8":"tag-breaking-news","9":"tag-breakingnews","10":"tag-featured-news","11":"tag-featurednews","12":"tag-headlines","13":"tag-huvudnyheter","14":"tag-latest-news","15":"tag-latestnews","16":"tag-main-news","17":"tag-mainnews","18":"tag-news","19":"tag-nyheter","20":"tag-rubriker","21":"tag-se","22":"tag-svenska","23":"tag-sverige","24":"tag-sweden","25":"tag-swedish","26":"tag-top-stories","27":"tag-topstories"},"share_on_mastodon":{"url":"https:\/\/pubeurope.com\/@se\/115808843998806031","error":""},"_links":{"self":[{"href":"https:\/\/www.europesays.com\/se\/wp-json\/wp\/v2\/posts\/120921","targetHints":{"allow":["GET"]}}],"collection":[{"href":"https:\/\/www.europesays.com\/se\/wp-json\/wp\/v2\/posts"}],"about":[{"href":"https:\/\/www.europesays.com\/se\/wp-json\/wp\/v2\/types\/post"}],"author":[{"embeddable":true,"href":"https:\/\/www.europesays.com\/se\/wp-json\/wp\/v2\/users\/2"}],"replies":[{"embeddable":true,"href":"https:\/\/www.europesays.com\/se\/wp-json\/wp\/v2\/comments?post=120921"}],"version-history":[{"count":0,"href":"https:\/\/www.europesays.com\/se\/wp-json\/wp\/v2\/posts\/120921\/revisions"}],"wp:featuredmedia":[{"embeddable":true,"href":"https:\/\/www.europesays.com\/se\/wp-json\/wp\/v2\/media\/120922"}],"wp:attachment":[{"href":"https:\/\/www.europesays.com\/se\/wp-json\/wp\/v2\/media?parent=120921"}],"wp:term":[{"taxonomy":"category","embeddable":true,"href":"https:\/\/www.europesays.com\/se\/wp-json\/wp\/v2\/categories?post=120921"},{"taxonomy":"post_tag","embeddable":true,"href":"https:\/\/www.europesays.com\/se\/wp-json\/wp\/v2\/tags?post=120921"}],"curies":[{"name":"wp","href":"https:\/\/api.w.org\/{rel}","templated":true}]}}