{"id":120942,"date":"2025-12-30T14:13:30","date_gmt":"2025-12-30T14:13:30","guid":{"rendered":"https:\/\/www.europesays.com\/se\/120942\/"},"modified":"2025-12-30T14:13:30","modified_gmt":"2025-12-30T14:13:30","slug":"altmans-nya-beredskapschef-ska-forutse-faror-med-ai","status":"publish","type":"post","link":"https:\/\/www.europesays.com\/se\/120942\/","title":{"rendered":"Altmans nya beredskapschef ska f\u00f6rutse faror med AI"},"content":{"rendered":"<p>Sam Altman anst\u00e4ller en ny beredskapschef som ska hj\u00e4lpa Open\u202fAI att f\u00f6rutse potentiella skador som bolagets modeller kan orsaka och hur de kan missbrukas, rapporterar Engadget. I rollen uppges ocks\u00e5 ing\u00e5 att ge v\u00e4gledning kring f\u00f6retagets s\u00e4kerhetsstrategi.<\/p>\n<p>I ett inl\u00e4gg p\u00e5 X skriver Altman att \u201dmodellernas potentiella p\u00e5verkan p\u00e5 den psykiska h\u00e4lsan\u201d var n\u00e5got Open\u202fAI fick en f\u00f6rsmak av under 2025.<\/p>\n<p>Under \u00e5ret har Open\u202fAI:s modell Chat\u202fGPT anklagats f\u00f6r att p\u00e5verka anv\u00e4ndares mentala h\u00e4lsa negativt och bolaget har ocks\u00e5 dragits inf\u00f6r r\u00e4tta f\u00f6r flera d\u00f6dsfall, skriver Engadget.<\/p>\n<p>Omni \u00e4r politiskt obundna och oberoende. Vi str\u00e4var efter att ge fler perspektiv p\u00e5 nyheterna. Har du fr\u00e5gor eller synpunkter kring v\u00e5r rapportering? <a href=\"https:\/\/omni.se\/altman-tar-in-beredskapschef-ska-forutse-faror-med-ai\/a\/mailto:redaktion@omni.se\" class=\"ArticleActions_contactLink__W2F1M\" rel=\"nofollow noopener\" target=\"_blank\">Kontakta redaktionen<\/a><\/p>\n","protected":false},"excerpt":{"rendered":"Sam Altman anst\u00e4ller en ny beredskapschef som ska hj\u00e4lpa Open\u202fAI att f\u00f6rutse potentiella skador som bolagets modeller kan&hellip;\n","protected":false},"author":2,"featured_media":120943,"comment_status":"","ping_status":"","sticky":false,"template":"","format":"standard","meta":{"footnotes":""},"categories":[65],"tags":[72,333,70,71,334,12846,464,463,34,31,33,32,30],"class_list":{"0":"post-120942","1":"post","2":"type-post","3":"status-publish","4":"format-standard","5":"has-post-thumbnail","7":"category-ekonomi","8":"tag-business","9":"tag-data","10":"tag-economy","11":"tag-ekonomi","12":"tag-it-hogteknologi","13":"tag-it-sakerhet","14":"tag-open-ai","15":"tag-sam-altman","16":"tag-se","17":"tag-svenska","18":"tag-sverige","19":"tag-sweden","20":"tag-swedish"},"share_on_mastodon":{"url":"https:\/\/pubeurope.com\/@se\/115808934462226115","error":""},"_links":{"self":[{"href":"https:\/\/www.europesays.com\/se\/wp-json\/wp\/v2\/posts\/120942","targetHints":{"allow":["GET"]}}],"collection":[{"href":"https:\/\/www.europesays.com\/se\/wp-json\/wp\/v2\/posts"}],"about":[{"href":"https:\/\/www.europesays.com\/se\/wp-json\/wp\/v2\/types\/post"}],"author":[{"embeddable":true,"href":"https:\/\/www.europesays.com\/se\/wp-json\/wp\/v2\/users\/2"}],"replies":[{"embeddable":true,"href":"https:\/\/www.europesays.com\/se\/wp-json\/wp\/v2\/comments?post=120942"}],"version-history":[{"count":0,"href":"https:\/\/www.europesays.com\/se\/wp-json\/wp\/v2\/posts\/120942\/revisions"}],"wp:featuredmedia":[{"embeddable":true,"href":"https:\/\/www.europesays.com\/se\/wp-json\/wp\/v2\/media\/120943"}],"wp:attachment":[{"href":"https:\/\/www.europesays.com\/se\/wp-json\/wp\/v2\/media?parent=120942"}],"wp:term":[{"taxonomy":"category","embeddable":true,"href":"https:\/\/www.europesays.com\/se\/wp-json\/wp\/v2\/categories?post=120942"},{"taxonomy":"post_tag","embeddable":true,"href":"https:\/\/www.europesays.com\/se\/wp-json\/wp\/v2\/tags?post=120942"}],"curies":[{"name":"wp","href":"https:\/\/api.w.org\/{rel}","templated":true}]}}