{"id":120961,"date":"2025-12-30T14:36:15","date_gmt":"2025-12-30T14:36:15","guid":{"rendered":"https:\/\/www.europesays.com\/se\/120961\/"},"modified":"2025-12-30T14:36:15","modified_gmt":"2025-12-30T14:36:15","slug":"bada-svenska-curlinglagen-utslagna-i-kvartfinal-i-os-genrep","status":"publish","type":"post","link":"https:\/\/www.europesays.com\/se\/120961\/","title":{"rendered":"B\u00e5da svenska curlinglagen utslagna i kvartfinal i OS-genrep"},"content":{"rendered":"<p>De tv\u00e5 svenska hemmahoppen i mixed dubbel-turneringen i G\u00f6teborg var rankade etta och tv\u00e5a efter grundspelet. Men det blev respass i tisdagsf\u00f6rmiddagens kvartsfinaler b\u00e5de f\u00f6r syskonen Wran\u00e5 och Therese Westman i par med Robin Ahlberg.<\/p>\n<p>Efter fyra raka segermatcher och imponerande spel i OS-genrepet fick Wran\u00e5s inte mycket att st\u00e4mma mot skottarna Jennifer Dodds och Bruce Mouat och f\u00f6ll med 7\u20133.<\/p>\n<p>\u2013 S\u00e5 h\u00e4r blir det ibland, Vi h\u00e4ngde ju kvar i matchen ganska l\u00e4nge, men de spelade betydligt b\u00e4ttre \u00e4n oss, s\u00e4ger Isabella Wran\u00e5.<\/p>\n<p><strong>Nu var motst\u00e5ndarna inte<\/strong> vilka som helst. Dodds och Mouat vann t\u00e4vlingen i fjol och Mouat \u00e4r skipper f\u00f6r det herrlag som dominerat v\u00e4rldscurlingen de senaste \u00e5ren.<\/p>\n<p>Eftersom skottarna \u00f6verraskande f\u00f6rlorade en gruppmatch hade Wran\u00e5s, v\u00e4rldsm\u00e4stare 2024, oturen att m\u00f6ta dem redan i kvartsfinalen.<\/p>\n<p>\u2013 Hade vi spelat som vi gjorde i resten av turneringen tror jag att vi hade vunnit, men i dag kom vi inte alls upp i niv\u00e5, s\u00e4ger Rasmus Wran\u00e5, som inte tycker att f\u00f6rlusten betyder s\u00e5 mycket inf\u00f6r OS-starten.<\/p>\n<p>Han ser medaljchanserna som goda.<\/p>\n<p>\u2013 Det k\u00e4nns som att vi kommer att vara lite vassare n\u00e4r vi kommer till m\u00e4sterskapsis, som vi b\u00e5da \u00e4r v\u00e4ldigt vana vid att spela p\u00e5, s\u00e4ger han.<\/p>\n<p>Syskonen kommer att ladda upp inf\u00f6r OS med att spela s\u00e4songens sista Grand slam-turnering, Players Championship, i Kanada med sina respektive fyrmannalag. Sedan v\u00e4ntar ett f\u00f6rl\u00e4ger inf\u00f6r OS i J\u00f6nk\u00f6ping.<\/p>\n<p><strong>N\u00e5got OS blir det<\/strong> inte f\u00f6r Therese Westman och Robin Ahlberg den h\u00e4r g\u00e5ngen. Duon har i st\u00e4llet siktet inst\u00e4llt p\u00e5 2030 och 2034. Med fyra raka segrar i grundomg\u00e5ngen visade paret att man kan m\u00e4ta sig med de b\u00e4sta och i kvartsfinalen gav man det amerikanska OS-laget Cory Thiesse och Korey Dropkin en tuff match. Den avgjordes n\u00e4r Westman misslyckades med sin sista, sv\u00e5ra sten i \u00e5ttonde omg\u00e5ngen, vilket gav amerikansk seger med 6\u20134.<\/p>\n<p>\u2013 Jag t\u00e4nkte lite fel d\u00e4r och skulle nog ha valt en annan uppgift, s\u00e4ger Westman, dotter till dubbla OS-guldmedalj\u00f6ren Anette Norberg.<\/p>\n<p>USA-duon, ett av fem OS-lag i den h\u00f6gkvalitativa G\u00f6teborgsturneringen, gick sedan vidare och vann turneringen efter finalseger mot Dodds\/Mouat med 8\u20133, sedan skottarna gett upp redan efter fem omg\u00e5ngar.<\/p>\n<p>Westman och Ahlberg kommer att f\u00f6lja syskonen Wran\u00e5 i Milano Cortina om en dryg m\u00e5nad och ger dem goda chanser.<\/p>\n<p>\u2013 Det \u00e4r m\u00e5nga bra lag och v\u00e4ldigt tajt i toppen, men de \u00e4r absolut ett av lagen som kan vinna, s\u00e4ger Ahlberg.<\/p>\n","protected":false},"excerpt":{"rendered":"De tv\u00e5 svenska hemmahoppen i mixed dubbel-turneringen i G\u00f6teborg var rankade etta och tv\u00e5a efter grundspelet. Men det&hellip;\n","protected":false},"author":2,"featured_media":120962,"comment_status":"","ping_status":"","sticky":false,"template":"","format":"standard","meta":{"footnotes":""},"categories":[68],"tags":[34,111,110,31,33,32,30],"class_list":{"0":"post-120961","1":"post","2":"type-post","3":"status-publish","4":"format-standard","5":"has-post-thumbnail","7":"category-sport","8":"tag-se","9":"tag-sport","10":"tag-sports","11":"tag-svenska","12":"tag-sverige","13":"tag-sweden","14":"tag-swedish"},"share_on_mastodon":{"url":"https:\/\/pubeurope.com\/@se\/115809024932834636","error":""},"_links":{"self":[{"href":"https:\/\/www.europesays.com\/se\/wp-json\/wp\/v2\/posts\/120961","targetHints":{"allow":["GET"]}}],"collection":[{"href":"https:\/\/www.europesays.com\/se\/wp-json\/wp\/v2\/posts"}],"about":[{"href":"https:\/\/www.europesays.com\/se\/wp-json\/wp\/v2\/types\/post"}],"author":[{"embeddable":true,"href":"https:\/\/www.europesays.com\/se\/wp-json\/wp\/v2\/users\/2"}],"replies":[{"embeddable":true,"href":"https:\/\/www.europesays.com\/se\/wp-json\/wp\/v2\/comments?post=120961"}],"version-history":[{"count":0,"href":"https:\/\/www.europesays.com\/se\/wp-json\/wp\/v2\/posts\/120961\/revisions"}],"wp:featuredmedia":[{"embeddable":true,"href":"https:\/\/www.europesays.com\/se\/wp-json\/wp\/v2\/media\/120962"}],"wp:attachment":[{"href":"https:\/\/www.europesays.com\/se\/wp-json\/wp\/v2\/media?parent=120961"}],"wp:term":[{"taxonomy":"category","embeddable":true,"href":"https:\/\/www.europesays.com\/se\/wp-json\/wp\/v2\/categories?post=120961"},{"taxonomy":"post_tag","embeddable":true,"href":"https:\/\/www.europesays.com\/se\/wp-json\/wp\/v2\/tags?post=120961"}],"curies":[{"name":"wp","href":"https:\/\/api.w.org\/{rel}","templated":true}]}}