{"id":120967,"date":"2025-12-30T14:41:06","date_gmt":"2025-12-30T14:41:06","guid":{"rendered":"https:\/\/www.europesays.com\/se\/120967\/"},"modified":"2025-12-30T14:41:06","modified_gmt":"2025-12-30T14:41:06","slug":"det-har-hande-for-20-50-och-100-ar-sedan","status":"publish","type":"post","link":"https:\/\/www.europesays.com\/se\/120967\/","title":{"rendered":"Det h\u00e4r h\u00e4nde f\u00f6r 20, 50 och 100 \u00e5r sedan"},"content":{"rendered":"<p>SvD efter Trumps valseger i november 2016.<\/p>\n<p>F\u00f6r tio \u00e5r sedan var Barack Obama fortfarande president, men under 2016 segrade Donald Trump i valet efter en \u2013\u00a0f\u00f6r m\u00e5nga \u2013 sensationell seger \u00f6ver Hillary Clinton. Uppm\u00e4rksammade h\u00e4ndelser under \u00e5ret var ocks\u00e5 terrord\u00e5den i Bryssel och Eurovision i Stockholm d\u00e4r Frans med \u201dIf I were sorry\u201d kom femma. Musikv\u00e4rlden befann sig i sorg d\u00e5 David Bowie, Prince och George Michael dog \u2013 i Sverige s\u00f6rjde vi Josefine Nilsson.<\/p>\n<p>Fr\u00e5ga 1 av 10<\/p>\n<p>En stor snackis 2016 var ocks\u00e5 Brexit \u2013 Storbritannien r\u00f6star f\u00f6r att l\u00e4mna EU. Vem var premi\u00e4rministern som avgick efter sommarens folkomr\u00f6stning?Theresa MayDavid CameronGordon Brown<\/p>\n<p>korrekta svar<\/p>\n<p>felaktiga svar<\/p>\n<p>Mindre \u00e4n en m\u00e5nad efter Brexit avg\u00e5r Cameron och May tilltr\u00e4der.<\/p>\n<p>Det har g\u00e5tt 20 \u00e5r sedan Alliansens stora genombrott.<\/p>\n<p>F\u00f6r 20 \u00e5r sedan blev vinter-OS i Turin en svensk succ\u00e9 \u2013 bland annat tog Tre Kronor, med Sundin och \u201dFoppa\u201d i spetsen, ett bejublat guld. Finska h\u00e5rdrocksgruppen Lordi vann Eurovision och delade tittarna i tv\u00e5 l\u00e4ger \u2013 roligt eller f\u00f6rf\u00e4rligt? 2006 fick ocks\u00e5 inf\u00e5ngandet och avr\u00e4ttningen av Saddam Hussein stor uppm\u00e4rksamhet \u2013 och Christer Fuglesang blev f\u00f6rsta svensken i rymden.<\/p>\n<p>Fr\u00e5ga 2 av 10<\/p>\n<p>Moderaterna gjorde 2006 sitt b\u00e4sta val sedan \u201dkosackvalet\u201d 1928 och Fredrik Reinfeldt, 41, blev statsminister. Hur m\u00e5nga procent fick Sverigedemokraterna?2,90,95,7 \u2013 partiet tar d\u00e4rmed plats i riksdagen f\u00f6r f\u00f6rsta g\u00e5ngen<\/p>\n<p>korrekta svar<\/p>\n<p>felaktiga svar<\/p>\n<p>1928 fick M (som d\u00e5 hette Allm\u00e4nna valmansf\u00f6rbundet) 29,4 procent \u2013 Reinfeldt fick nu 26,2. S g\u00f6r sitt s\u00e4msta val sedan 1914 och G\u00f6ran Persson avg\u00e5r.<\/p>\n<p>De hetaste svenska filmerna f\u00f6r 30 \u00e5r sedan var J\u00e4garna och Jerusalem. N\u00e5gra l\u00e5tar som spelas mycket 1996 var Kents \u201dKr\u00e4m\u201d, Gyllene Tiders \u201dG\u00e5 &amp; fiska\u201d och Fugees \u201dKilling me sotfly\u201d. Sverige stoppade importen av brittiskt n\u00f6tk\u00f6tt p\u00e5 grund av galna ko-sjukan och Bill Clinton vann presidentvalet f\u00f6r andra g\u00e5ngen.<\/p>\n","protected":false},"excerpt":{"rendered":"SvD efter Trumps valseger i november 2016. F\u00f6r tio \u00e5r sedan var Barack Obama fortfarande president, men under&hellip;\n","protected":false},"author":2,"featured_media":120968,"comment_status":"","ping_status":"","sticky":false,"template":"","format":"standard","meta":{"footnotes":""},"categories":[14],"tags":[22,23,26,27,17,21,24,25,28,29,15,16,18,34,31,33,32,30,19,20,51,52,53,54],"class_list":{"0":"post-120967","1":"post","2":"type-post","3":"status-publish","4":"format-standard","5":"has-post-thumbnail","7":"category-varlden","8":"tag-breaking-news","9":"tag-breakingnews","10":"tag-featured-news","11":"tag-featurednews","12":"tag-headlines","13":"tag-huvudnyheter","14":"tag-latest-news","15":"tag-latestnews","16":"tag-main-news","17":"tag-mainnews","18":"tag-news","19":"tag-nyheter","20":"tag-rubriker","21":"tag-se","22":"tag-svenska","23":"tag-sverige","24":"tag-sweden","25":"tag-swedish","26":"tag-top-stories","27":"tag-topstories","28":"tag-varlden","29":"tag-world","30":"tag-world-news","31":"tag-worldnews"},"share_on_mastodon":{"url":"https:\/\/pubeurope.com\/@se\/115809044558168518","error":""},"_links":{"self":[{"href":"https:\/\/www.europesays.com\/se\/wp-json\/wp\/v2\/posts\/120967","targetHints":{"allow":["GET"]}}],"collection":[{"href":"https:\/\/www.europesays.com\/se\/wp-json\/wp\/v2\/posts"}],"about":[{"href":"https:\/\/www.europesays.com\/se\/wp-json\/wp\/v2\/types\/post"}],"author":[{"embeddable":true,"href":"https:\/\/www.europesays.com\/se\/wp-json\/wp\/v2\/users\/2"}],"replies":[{"embeddable":true,"href":"https:\/\/www.europesays.com\/se\/wp-json\/wp\/v2\/comments?post=120967"}],"version-history":[{"count":0,"href":"https:\/\/www.europesays.com\/se\/wp-json\/wp\/v2\/posts\/120967\/revisions"}],"wp:featuredmedia":[{"embeddable":true,"href":"https:\/\/www.europesays.com\/se\/wp-json\/wp\/v2\/media\/120968"}],"wp:attachment":[{"href":"https:\/\/www.europesays.com\/se\/wp-json\/wp\/v2\/media?parent=120967"}],"wp:term":[{"taxonomy":"category","embeddable":true,"href":"https:\/\/www.europesays.com\/se\/wp-json\/wp\/v2\/categories?post=120967"},{"taxonomy":"post_tag","embeddable":true,"href":"https:\/\/www.europesays.com\/se\/wp-json\/wp\/v2\/tags?post=120967"}],"curies":[{"name":"wp","href":"https:\/\/api.w.org\/{rel}","templated":true}]}}