{"id":120988,"date":"2025-12-30T15:12:27","date_gmt":"2025-12-30T15:12:27","guid":{"rendered":"https:\/\/www.europesays.com\/se\/120988\/"},"modified":"2025-12-30T15:12:27","modified_gmt":"2025-12-30T15:12:27","slug":"ostergotland-trogna-resenarer-kan-fortsatta-bjuda-pa-resor","status":"publish","type":"post","link":"https:\/\/www.europesays.com\/se\/120988\/","title":{"rendered":"\u00d6sterg\u00f6tland: Trogna resen\u00e4rer kan forts\u00e4tta bjuda p\u00e5 resor"},"content":{"rendered":"<p>\t\t\t\t\tPublicerat av <a href=\"https:\/\/www.bussmagasinet.se\/author\/ulo\/\" title=\"Inl\u00e4gg av ulo\" rel=\"author nofollow noopener\" target=\"_blank\">ulo<\/a> \u2022 30 december 2025  \u2022<br \/>\n\t\t\t\t\t<a href=\"#printpreview\" onclick=\"printPreview();\">Sida f\u00f6r utskrift<\/a><\/p>\n<p><a href=\"https:\/\/www.europesays.com\/se\/wp-content\/uploads\/2025\/12\/Ostgotatrafiken-forlanger.jpg\"><img loading=\"lazy\" decoding=\"async\" aria-describedby=\"caption-attachment-99572\" class=\"wp-image-99572\" src=\"https:\/\/www.europesays.com\/se\/wp-content\/uploads\/2025\/12\/Ostgotatrafiken-forlanger.jpg\" alt=\"\" width=\"450\" height=\"343\"  \/><\/a><\/p>\n<p id=\"caption-attachment-99572\" class=\"wp-caption-text\">\u00c4ven under 2026 kan den som har en 30- eller 365-dasgarsbiljett hos \u00d6stg\u00f6tatrafiken ta med sig en medresen\u00e4r avgiftsfritt p\u00e5 l\u00f6rdagar, s\u00f6ndagar och helgdagar. Foto: Ulo Maasing.<\/p>\n<p><strong>\u00d6stg\u00f6tatrafiken, som svarar f\u00f6r kollektivtrafiken i \u00d6sterg\u00f6tland, f\u00f6rl\u00e4nger sitt erbjudande att alla som har en 30- eller 365-dagarsbiljett kan ta med ta med sig n\u00e5gon mer utan extra kostnad n\u00e4r de reser p\u00e5 l\u00f6rdagar, s\u00f6ndagar och helgdagar. Erbjudandet lanserades f\u00f6r drygt ett \u00e5r sedan och har f\u00f6rl\u00e4ngts flera g\u00e5nger. Nu g\u00e4ller det \u00e4ven hela 2026.<\/strong><\/p>\n<p>Enligt \u00d6stg\u00f6tatrafikens unders\u00f6kningar har m\u00e5nga resen\u00e4rer anv\u00e4nt sig av m\u00f6jligheten. Ett stort antal uppger att 2 f\u00f6r 1-erbjudandet har varit avg\u00f6rande n\u00e4r de beslutat att k\u00f6pa en periodbiljett.<\/p>\n<p>30 procent av de som rest som medresen\u00e4r uppger att de annars skulle ha valt att resa med bil.<\/p>\n<p>Medresen\u00e4ren r\u00e4knas ocks\u00e5 som biljettinnehavare och har \u00e4ven r\u00e4tt att avgiftsfritt ta med upp till tv\u00e5 barn upp till sex \u00e5rs \u00e5lder.<\/p>\n<p>\u2013 V\u00e5ra resen\u00e4rer upplever att de f\u00e5r mer v\u00e4rde f\u00f6r sin biljett och samtidigt bidrar det till att fler v\u00e4ljer ett h\u00e5llbart s\u00e4tt att resa, s\u00e4ger Per Nelson, marknadschef p\u00e5 \u00d6stg\u00f6tatrafiken.<\/p>\n<p>\u2013 Att fler l\u00e5ter bilen st\u00e5 och i st\u00e4llet reser tillsammans i kollektivtrafiken \u00e4r precis den utveckling vi vill se.<\/p>\n<p>Det var <a href=\"https:\/\/www.bussmagasinet.se\/2025\/07\/ostergotland-fortsattning-foljer-for-bjudresor\/\" target=\"_blank\" rel=\"noopener noreferrer nofollow\">i december 2024<\/a> som \u00d6stg\u00f6tatrafiken inf\u00f6rde m\u00f6jligheten f\u00f6r sina trognaste resen\u00e4rer att under helger bjuda en resen\u00e4r p\u00e5 resan. Ursprungligen i var erbjudandet t\u00e4nkt att g\u00e4lla endast fram till f\u00f6rra \u00e5rsskiftet, men det f\u00f6rl\u00e4ngdes f\u00f6rst till slutet av augusti 2025 och senare till \u00e5rsskiftet.Och nu f\u00f6rl\u00e4ngs erbjudandet allts\u00e5 att g\u00e4lla \u00e4ven hela 2026.<\/p>\n<p><strong>Taggat som: <\/strong> <a href=\"https:\/\/www.bussmagasinet.se\/tag\/biljettpriser\/\" rel=\"tag nofollow noopener\" target=\"_blank\">biljettpriser<\/a>, <a href=\"https:\/\/www.bussmagasinet.se\/tag\/marknad\/\" rel=\"tag nofollow noopener\" target=\"_blank\">marknad<\/a>, <a href=\"https:\/\/www.bussmagasinet.se\/tag\/ostergotland\/\" rel=\"tag nofollow noopener\" target=\"_blank\">\u00d6sterg\u00f6tland<\/a>, <a href=\"https:\/\/www.bussmagasinet.se\/tag\/ostgotatrafiken\/\" rel=\"tag nofollow noopener\" target=\"_blank\">\u00d6stg\u00f6taTrafiken<\/a><\/p>\n<p>\u00ab <a href=\"https:\/\/www.bussmagasinet.se\/2025\/12\/kontakt-internationella-elbussnyheter-i-urval-branslecellspremiar-stororder-pa-tradbussar-rekordorder-pa-branslecellsbussar\/\" rel=\"prev nofollow noopener\" target=\"_blank\">KONTAKT \u2013 internationella elbussnyheter i urval: Br\u00e4nslecellspremi\u00e4r, stororder p\u00e5 tr\u00e5dbussar; rekordorder p\u00e5 br\u00e4nslecellsbussar<\/a>\t\t\t<\/p>\n","protected":false},"excerpt":{"rendered":"Publicerat av ulo \u2022 30 december 2025 \u2022 Sida f\u00f6r utskrift \u00c4ven under 2026 kan den som har&hellip;\n","protected":false},"author":2,"featured_media":120989,"comment_status":"","ping_status":"","sticky":false,"template":"","format":"standard","meta":{"footnotes":""},"categories":[65],"tags":[72,70,71,34,31,33,32,30],"class_list":{"0":"post-120988","1":"post","2":"type-post","3":"status-publish","4":"format-standard","5":"has-post-thumbnail","7":"category-ekonomi","8":"tag-business","9":"tag-economy","10":"tag-ekonomi","11":"tag-se","12":"tag-svenska","13":"tag-sverige","14":"tag-sweden","15":"tag-swedish"},"share_on_mastodon":{"url":"https:\/\/pubeurope.com\/@se\/115809166462493628","error":""},"_links":{"self":[{"href":"https:\/\/www.europesays.com\/se\/wp-json\/wp\/v2\/posts\/120988","targetHints":{"allow":["GET"]}}],"collection":[{"href":"https:\/\/www.europesays.com\/se\/wp-json\/wp\/v2\/posts"}],"about":[{"href":"https:\/\/www.europesays.com\/se\/wp-json\/wp\/v2\/types\/post"}],"author":[{"embeddable":true,"href":"https:\/\/www.europesays.com\/se\/wp-json\/wp\/v2\/users\/2"}],"replies":[{"embeddable":true,"href":"https:\/\/www.europesays.com\/se\/wp-json\/wp\/v2\/comments?post=120988"}],"version-history":[{"count":0,"href":"https:\/\/www.europesays.com\/se\/wp-json\/wp\/v2\/posts\/120988\/revisions"}],"wp:featuredmedia":[{"embeddable":true,"href":"https:\/\/www.europesays.com\/se\/wp-json\/wp\/v2\/media\/120989"}],"wp:attachment":[{"href":"https:\/\/www.europesays.com\/se\/wp-json\/wp\/v2\/media?parent=120988"}],"wp:term":[{"taxonomy":"category","embeddable":true,"href":"https:\/\/www.europesays.com\/se\/wp-json\/wp\/v2\/categories?post=120988"},{"taxonomy":"post_tag","embeddable":true,"href":"https:\/\/www.europesays.com\/se\/wp-json\/wp\/v2\/tags?post=120988"}],"curies":[{"name":"wp","href":"https:\/\/api.w.org\/{rel}","templated":true}]}}