{"id":120990,"date":"2025-12-30T15:15:13","date_gmt":"2025-12-30T15:15:13","guid":{"rendered":"https:\/\/www.europesays.com\/se\/120990\/"},"modified":"2025-12-30T15:15:13","modified_gmt":"2025-12-30T15:15:13","slug":"pa-troskeln-till-nhl-nhl-com-sv","status":"publish","type":"post","link":"https:\/\/www.europesays.com\/se\/120990\/","title":{"rendered":"P\u00e5 tr\u00f6skeln till NHL?\u00a0 | NHL.com\/sv"},"content":{"rendered":"<p>Varje vecka under s\u00e4songen 2025-26 g\u00f6r NHL.com\/sv nedslag i NHL-klubbarnas plantskolor och tittar n\u00e4rmare p\u00e5 de spelare som g\u00f6r avtryck i ligor som AHL, i juniorhockeyn och p\u00e5 college. Den h\u00e4r veckan tar vi en titt p\u00e5 vilka spelare som st\u00e4rkt sina chanser till att etablera sig i NHL under den f\u00f6rsta halvan av AHL-s\u00e4songen.<\/p>\n<p>Det \u00e4r redan m\u00e5nga svenska spelare i AHL som under den f\u00f6rsta halvan av s\u00e4songen p\u00e5 allvar f\u00e5tt k\u00e4nna p\u00e5 hetluften i AHL. Bland andra har Isak Ros\u00e9n och Noah \u00d6stlund spelar frekvent i Buffalo Sabres, Jonathan Lekkerim\u00e4ki har f\u00e5tt gott om speltid i Vancouver Canucks och Joel Nystr\u00f6m har f\u00e5tt chansen i Carolina Hurricanes.<\/p>\n<p>NHL.com\/sv tar h\u00e4r en titt p\u00e5 fler svenska spelare som gjort bra ifr\u00e5n sig under f\u00f6rsta delen av NHL-s\u00e4songen och har tagit steg mot att g\u00f6ra avtryck ocks\u00e5 i NHL fram\u00f6ver.<\/p>\n<p><strong>Felix Unger S\u00f6rum &#8211; Fw &#8211; Chicago Wolves<\/strong><br \/>20-\u00e5rige Unger S\u00f6rum g\u00f6r sin andra s\u00e4song i AHL och har anpassat sig fint till det spelet. Han har hittat n\u00e4sta niv\u00e5 i sitt spel och \u00e4r ofta i h\u00e4ndelsernas centrum offensivt. Den h\u00e4r s\u00e4songen har den tidigare leksingen svarat f\u00f6r 22 po\u00e4ng (8+14) p\u00e5 22 spelade matcher i AHL med Chicago.<\/p>\n<p>\u2013 Varje match l\u00e4r jag mig mer om hur jag ska spela och l\u00f6sa olika situationer som uppst\u00e5r, sa han till Charlotte Observer tidigare under s\u00e4songen. Mycket handlar om att hitta vilka ytor man ska befinna sig i olika situationer f\u00f6r att kunna skapa l\u00e4gen. Jag tycker att jag kommit en bit p\u00e5 v\u00e4gen d\u00e4r.<\/p>\n","protected":false},"excerpt":{"rendered":"Varje vecka under s\u00e4songen 2025-26 g\u00f6r NHL.com\/sv nedslag i NHL-klubbarnas plantskolor och tittar n\u00e4rmare p\u00e5 de spelare som&hellip;\n","protected":false},"author":2,"featured_media":120991,"comment_status":"","ping_status":"","sticky":false,"template":"","format":"standard","meta":{"footnotes":""},"categories":[5],"tags":[22,23,26,27,17,21,24,25,28,29,15,16,18,34,31,33,32,30,19,20],"class_list":{"0":"post-120990","1":"post","2":"type-post","3":"status-publish","4":"format-standard","5":"has-post-thumbnail","7":"category-rubriker","8":"tag-breaking-news","9":"tag-breakingnews","10":"tag-featured-news","11":"tag-featurednews","12":"tag-headlines","13":"tag-huvudnyheter","14":"tag-latest-news","15":"tag-latestnews","16":"tag-main-news","17":"tag-mainnews","18":"tag-news","19":"tag-nyheter","20":"tag-rubriker","21":"tag-se","22":"tag-svenska","23":"tag-sverige","24":"tag-sweden","25":"tag-swedish","26":"tag-top-stories","27":"tag-topstories"},"share_on_mastodon":{"url":"https:\/\/pubeurope.com\/@se\/115809178243261617","error":""},"_links":{"self":[{"href":"https:\/\/www.europesays.com\/se\/wp-json\/wp\/v2\/posts\/120990","targetHints":{"allow":["GET"]}}],"collection":[{"href":"https:\/\/www.europesays.com\/se\/wp-json\/wp\/v2\/posts"}],"about":[{"href":"https:\/\/www.europesays.com\/se\/wp-json\/wp\/v2\/types\/post"}],"author":[{"embeddable":true,"href":"https:\/\/www.europesays.com\/se\/wp-json\/wp\/v2\/users\/2"}],"replies":[{"embeddable":true,"href":"https:\/\/www.europesays.com\/se\/wp-json\/wp\/v2\/comments?post=120990"}],"version-history":[{"count":0,"href":"https:\/\/www.europesays.com\/se\/wp-json\/wp\/v2\/posts\/120990\/revisions"}],"wp:featuredmedia":[{"embeddable":true,"href":"https:\/\/www.europesays.com\/se\/wp-json\/wp\/v2\/media\/120991"}],"wp:attachment":[{"href":"https:\/\/www.europesays.com\/se\/wp-json\/wp\/v2\/media?parent=120990"}],"wp:term":[{"taxonomy":"category","embeddable":true,"href":"https:\/\/www.europesays.com\/se\/wp-json\/wp\/v2\/categories?post=120990"},{"taxonomy":"post_tag","embeddable":true,"href":"https:\/\/www.europesays.com\/se\/wp-json\/wp\/v2\/tags?post=120990"}],"curies":[{"name":"wp","href":"https:\/\/api.w.org\/{rel}","templated":true}]}}