{"id":120994,"date":"2025-12-30T15:18:06","date_gmt":"2025-12-30T15:18:06","guid":{"rendered":"https:\/\/www.europesays.com\/se\/120994\/"},"modified":"2025-12-30T15:18:06","modified_gmt":"2025-12-30T15:18:06","slug":"chevy-chase-bad-inte-om-ursakt-for-rasistiska-skamt-avskedades-fran-community","status":"publish","type":"post","link":"https:\/\/www.europesays.com\/se\/120994\/","title":{"rendered":"Chevy Chase bad inte om urs\u00e4kt f\u00f6r rasistiska sk\u00e4mt &#8211; avskedades fr\u00e5n &#8221;Community&#8221;"},"content":{"rendered":"<p>\u201dCommunity\u201d var en rolig sitcom som p\u00e5gick mellan 2009 och 2015, flerfaldigt Emmy-nominerad och med en h\u00e4rlig ensemble i ber\u00e4ttelsen om en advokat som tvingas b\u00f6rja om sin utbildning. <\/p>\n<p>Bland sk\u00e5despelarna som syns i serien \u00e4r komedi-ikonen Chevy Chase, i rollen som Pierce Hawthorne. Han blev emellertid <a href=\"https:\/\/www.moviezine.se\/nyheter\/chevy-chases-harda-ord-om-tv-serien-community\" rel=\"nofollow noopener\" target=\"_blank\">avskedad under seriens fj\u00e4rde s\u00e4song<\/a>. I kommande dokument\u00e4ren <a href=\"https:\/\/www.moviezine.se\/nyheter\/ett-paron-till-farsa-firar-nyar-med-exklusiv-dokumentar-pa-svt-play\" rel=\"nofollow noopener\" target=\"_blank\">\u201dI\u2019m Chevy Chase and You\u2019re Not\u201d<\/a> ber\u00e4ttar man om vad som ledde till detta. (via The Wrap)<\/p>\n<p>\u2013 Chevys karakt\u00e4r i serien anv\u00e4nde sig av en blackface-docka och ska sedan ha sagt n\u00e5got till Yvette Brown mellan tagningarna. D\u00e4refter s\u00e5g jag hur Yvette l\u00e4mnade rummet. Vi beh\u00f6vde henne i n\u00e4sta scen och bad Chevy om att be henne om urs\u00e4kt, men han tog situationen v\u00e4ldigt l\u00e4ttvindigt och sa att han alltid sk\u00e4mtat p\u00e5 det s\u00e4ttet. Han tyckte inte att han gjort n\u00e5got fel.<\/p>\n<p>Dokument\u00e4ren streamar gratis p\u00e5 SVT Play fr\u00e5n den 2 januari. Visas \u00e4ven p\u00e5 SVT2 den 4 januari kl. 20:00.<\/p>\n<p>L\u00e4s ocks\u00e5: <a href=\"https:\/\/www.moviezine.se\/nyheter\/ryan-coogler-avslojar-sa-skulle-black-panther-2-ha-blivit-om-chadwick-boseman-levt\" title=\"Ryan Coogler avsl\u00f6jar \u2013 s\u00e5 skulle \u201dBlack Panther 2\u201d ha blivit om Chadwick Boseman levt\" class=\"underline-custom !font-montserrat !font-bold !underline-offset-4 !decoration-4 !decoration-moviezine-green !text-md\" rel=\"nofollow noopener\" target=\"_blank\">Ryan Coogler avsl\u00f6jar \u2013 s\u00e5 skulle \u201dBlack Panther 2\u201d ha blivit om Chadwick Boseman levt<\/a><\/p>\n<p>L\u00e4s ocks\u00e5: <a href=\"https:\/\/www.moviezine.se\/nyheter\/timothee-chalamet-hade-20-kontaktlinser-som-marty-supreme-han-skulle-inte-se-nagot\" title=\"Timoth\u00e9e Chalamet var n\u00e4stan blind n\u00e4r han spelade in \u201dMarty Supreme\u201d\" class=\"underline-custom !font-montserrat !font-bold !underline-offset-4 !decoration-4 !decoration-moviezine-green !text-md\" rel=\"nofollow noopener\" target=\"_blank\">Timoth\u00e9e Chalamet var n\u00e4stan blind n\u00e4r han spelade in \u201dMarty Supreme\u201d<\/a><\/p>\n","protected":false},"excerpt":{"rendered":"\u201dCommunity\u201d var en rolig sitcom som p\u00e5gick mellan 2009 och 2015, flerfaldigt Emmy-nominerad och med en h\u00e4rlig ensemble&hellip;\n","protected":false},"author":2,"featured_media":120995,"comment_status":"","ping_status":"","sticky":false,"template":"","format":"standard","meta":{"footnotes":""},"categories":[67],"tags":[104,2394,34,31,33,32,30,105],"class_list":{"0":"post-120994","1":"post","2":"type-post","3":"status-publish","4":"format-standard","5":"has-post-thumbnail","7":"category-underhallning","8":"tag-entertainment","9":"tag-kandisar","10":"tag-se","11":"tag-svenska","12":"tag-sverige","13":"tag-sweden","14":"tag-swedish","15":"tag-underhallning"},"share_on_mastodon":{"url":"https:\/\/pubeurope.com\/@se\/115809190186362116","error":""},"_links":{"self":[{"href":"https:\/\/www.europesays.com\/se\/wp-json\/wp\/v2\/posts\/120994","targetHints":{"allow":["GET"]}}],"collection":[{"href":"https:\/\/www.europesays.com\/se\/wp-json\/wp\/v2\/posts"}],"about":[{"href":"https:\/\/www.europesays.com\/se\/wp-json\/wp\/v2\/types\/post"}],"author":[{"embeddable":true,"href":"https:\/\/www.europesays.com\/se\/wp-json\/wp\/v2\/users\/2"}],"replies":[{"embeddable":true,"href":"https:\/\/www.europesays.com\/se\/wp-json\/wp\/v2\/comments?post=120994"}],"version-history":[{"count":0,"href":"https:\/\/www.europesays.com\/se\/wp-json\/wp\/v2\/posts\/120994\/revisions"}],"wp:featuredmedia":[{"embeddable":true,"href":"https:\/\/www.europesays.com\/se\/wp-json\/wp\/v2\/media\/120995"}],"wp:attachment":[{"href":"https:\/\/www.europesays.com\/se\/wp-json\/wp\/v2\/media?parent=120994"}],"wp:term":[{"taxonomy":"category","embeddable":true,"href":"https:\/\/www.europesays.com\/se\/wp-json\/wp\/v2\/categories?post=120994"},{"taxonomy":"post_tag","embeddable":true,"href":"https:\/\/www.europesays.com\/se\/wp-json\/wp\/v2\/tags?post=120994"}],"curies":[{"name":"wp","href":"https:\/\/api.w.org\/{rel}","templated":true}]}}