{"id":120999,"date":"2025-12-30T15:22:15","date_gmt":"2025-12-30T15:22:15","guid":{"rendered":"https:\/\/www.europesays.com\/se\/120999\/"},"modified":"2025-12-30T15:22:15","modified_gmt":"2025-12-30T15:22:15","slug":"campino-pa-foodora-pausar-verksamhet-i-vastervik","status":"publish","type":"post","link":"https:\/\/www.europesays.com\/se\/120999\/","title":{"rendered":"Campino p\u00e5 Foodora pausar verksamhet i V\u00e4stervik"},"content":{"rendered":"<p>\u2013 Den f\u00f6rste i f\u00f6rste kommer vi att vara \u00e5tta, nio personer som jobbar h\u00e4r, ber\u00e4ttar Ale Maher Hussen.Ny\u00e5rsdagen har blivit \u00e5rets b\u00e4sta dag f\u00f6r m\u00e5nga pizzerior, men just i \u00e5r finns ett orosmoln p\u00e5 himlen f\u00f6r Pizzeria Campino p\u00e5 S\u00f6dra Varvsgatan i V\u00e4stervik. N\u00e5gon anv\u00e4nder deras namn och s\u00e4ljer pizzor via budf\u00f6retaget Foodora.\u2013 Jag m\u00e4rkte att best\u00e4llningarna b\u00f6rjade mi<\/p>\n","protected":false},"excerpt":{"rendered":"\u2013 Den f\u00f6rste i f\u00f6rste kommer vi att vara \u00e5tta, nio personer som jobbar h\u00e4r, ber\u00e4ttar Ale Maher&hellip;\n","protected":false},"author":2,"featured_media":121000,"comment_status":"","ping_status":"","sticky":false,"template":"","format":"standard","meta":{"footnotes":""},"categories":[12],"tags":[22,23,26,27,17,21,24,25,28,29,15,16,18,34,31,33,32,30,19,20],"class_list":{"0":"post-120999","1":"post","2":"type-post","3":"status-publish","4":"format-standard","5":"has-post-thumbnail","7":"category-sverige","8":"tag-breaking-news","9":"tag-breakingnews","10":"tag-featured-news","11":"tag-featurednews","12":"tag-headlines","13":"tag-huvudnyheter","14":"tag-latest-news","15":"tag-latestnews","16":"tag-main-news","17":"tag-mainnews","18":"tag-news","19":"tag-nyheter","20":"tag-rubriker","21":"tag-se","22":"tag-svenska","23":"tag-sverige","24":"tag-sweden","25":"tag-swedish","26":"tag-top-stories","27":"tag-topstories"},"share_on_mastodon":{"url":"https:\/\/pubeurope.com\/@se\/115809205872770365","error":""},"_links":{"self":[{"href":"https:\/\/www.europesays.com\/se\/wp-json\/wp\/v2\/posts\/120999","targetHints":{"allow":["GET"]}}],"collection":[{"href":"https:\/\/www.europesays.com\/se\/wp-json\/wp\/v2\/posts"}],"about":[{"href":"https:\/\/www.europesays.com\/se\/wp-json\/wp\/v2\/types\/post"}],"author":[{"embeddable":true,"href":"https:\/\/www.europesays.com\/se\/wp-json\/wp\/v2\/users\/2"}],"replies":[{"embeddable":true,"href":"https:\/\/www.europesays.com\/se\/wp-json\/wp\/v2\/comments?post=120999"}],"version-history":[{"count":0,"href":"https:\/\/www.europesays.com\/se\/wp-json\/wp\/v2\/posts\/120999\/revisions"}],"wp:featuredmedia":[{"embeddable":true,"href":"https:\/\/www.europesays.com\/se\/wp-json\/wp\/v2\/media\/121000"}],"wp:attachment":[{"href":"https:\/\/www.europesays.com\/se\/wp-json\/wp\/v2\/media?parent=120999"}],"wp:term":[{"taxonomy":"category","embeddable":true,"href":"https:\/\/www.europesays.com\/se\/wp-json\/wp\/v2\/categories?post=120999"},{"taxonomy":"post_tag","embeddable":true,"href":"https:\/\/www.europesays.com\/se\/wp-json\/wp\/v2\/tags?post=120999"}],"curies":[{"name":"wp","href":"https:\/\/api.w.org\/{rel}","templated":true}]}}