{"id":121009,"date":"2025-12-30T15:31:16","date_gmt":"2025-12-30T15:31:16","guid":{"rendered":"https:\/\/www.europesays.com\/se\/121009\/"},"modified":"2025-12-30T15:31:16","modified_gmt":"2025-12-30T15:31:16","slug":"buss-har-kort-in-i-byggnad-i-liljeholmen","status":"publish","type":"post","link":"https:\/\/www.europesays.com\/se\/121009\/","title":{"rendered":"Buss har k\u00f6rt in i byggnad i Liljeholmen"},"content":{"rendered":"<p class=\"boxtextgrotesk-root_baa6 hyperion-css-7pajle\">Uppdaterad 16.29 | Publicerad 16.14<\/p>\n<p>share-arrowDela<\/p>\n<p>unsaveSpara<\/p>\n<p>expand-left<\/p>\n<p>helsk\u00e4rm<img decoding=\"async\" class=\"image-asset hyperion-css-u06ts1\" data-test-tag=\"image-asset\" src=\"https:\/\/www.europesays.com\/se\/wp-content\/uploads\/2025\/12\/eaac0864-b670-47c4-856e-a05feb17d00e.jpeg\"  alt=\"Flera ska ha skadats, enligt polisen.\"  loading=\"eager\" fetchpriority=\"high\" style=\"aspect-ratio:544 \/ 621\"\/>Flera ska ha skadats, enligt polisen. Foto: L\u00e4sarbild<\/p>\n<p class=\"hyperion-css-1shl3oz\" data-test-tag=\"lead-text\">En buss har k\u00f6rt in i en byggnad i Liljeholmen. <\/p>\n<p class=\"hyperion-css-1shl3oz\" data-test-tag=\"lead-text\">Flera personer har skadats, uppger polisen.<\/p>\n<p class=\"hyperion-css-1shl3oz\" data-test-tag=\"lead-text\">\u2013\u00a0Vi \u00e4r p\u00e5 plats med flera enheter, s\u00e4ger polisens presstalesperson Ola \u00d6sterling.<\/p>\n<p class=\"hyperion-css-1v9qo5x\">En buss har k\u00f6rt in i en byggnad i <a data-test-tag=\"internal-link\" href=\"https:\/\/www.aftonbladet.se\/tagg\/liljeholmen\" class=\"hyperion-css-15jkft9\" rel=\"nofollow noopener\" target=\"\" aria-label=\"Liljeholmen\">Liljeholmen<\/a> i s\u00f6dra Stockholm. <\/p>\n<p class=\"hyperion-css-1v9qo5x\">\u2013 Det ska nyligen ha h\u00e4nt och det var slutstation Liljeholmen. Vad jag vet s\u00e5 finns det skadade resen\u00e4rer, s\u00e4ger Sophie Gunnarsson, presstalesperson p\u00e5 SL.<\/p>\n<p class=\"hyperion-css-1v9qo5x\">Omkring sju personer ombord har skadats, enligt polisen.<\/p>\n<p class=\"hyperion-css-1v9qo5x\">\u2013 De har letts ut bussen s\u00e5 vitt jag vet. Vi har precis kommit till platsen, s\u00e4ger polisens presstalesperson Ola \u00d6sterling.<\/p>\n<p class=\"hyperion-css-1v9qo5x\">Enligt polisens initiala uppgifter skulle bussen ha sv\u00e4ngt men ist\u00e4llet k\u00f6rt rakt in i fasaden.<\/p>\n<p class=\"hyperion-css-1v9qo5x\">Ingen person ska ha blivit p\u00e5k\u00f6rd, enligt polisen.<\/p>\n<p class=\"hyperion-css-1v9qo5x\">B\u00e5de r\u00e4ddningstj\u00e4nst och ambulans \u00e4r p\u00e5 plats. \u00c4ven ambulanshelikopter ska ha anl\u00e4nt till platsen, enligt uppgifter till Aftonbladet.<\/p>\n<p class=\"hyperion-css-1v9qo5x\">Larmet kom in 16.06. <\/p>\n","protected":false},"excerpt":{"rendered":"Uppdaterad 16.29 | Publicerad 16.14 share-arrowDela unsaveSpara expand-left helsk\u00e4rmFlera ska ha skadats, enligt polisen. Foto: L\u00e4sarbild En buss&hellip;\n","protected":false},"author":2,"featured_media":121010,"comment_status":"","ping_status":"","sticky":false,"template":"","format":"standard","meta":{"footnotes":""},"categories":[12],"tags":[22,23,26,27,17,21,24,25,28,29,15,16,18,34,31,33,32,30,19,20],"class_list":{"0":"post-121009","1":"post","2":"type-post","3":"status-publish","4":"format-standard","5":"has-post-thumbnail","7":"category-sverige","8":"tag-breaking-news","9":"tag-breakingnews","10":"tag-featured-news","11":"tag-featurednews","12":"tag-headlines","13":"tag-huvudnyheter","14":"tag-latest-news","15":"tag-latestnews","16":"tag-main-news","17":"tag-mainnews","18":"tag-news","19":"tag-nyheter","20":"tag-rubriker","21":"tag-se","22":"tag-svenska","23":"tag-sverige","24":"tag-sweden","25":"tag-swedish","26":"tag-top-stories","27":"tag-topstories"},"share_on_mastodon":{"url":"https:\/\/pubeurope.com\/@se\/115809241284322122","error":""},"_links":{"self":[{"href":"https:\/\/www.europesays.com\/se\/wp-json\/wp\/v2\/posts\/121009","targetHints":{"allow":["GET"]}}],"collection":[{"href":"https:\/\/www.europesays.com\/se\/wp-json\/wp\/v2\/posts"}],"about":[{"href":"https:\/\/www.europesays.com\/se\/wp-json\/wp\/v2\/types\/post"}],"author":[{"embeddable":true,"href":"https:\/\/www.europesays.com\/se\/wp-json\/wp\/v2\/users\/2"}],"replies":[{"embeddable":true,"href":"https:\/\/www.europesays.com\/se\/wp-json\/wp\/v2\/comments?post=121009"}],"version-history":[{"count":0,"href":"https:\/\/www.europesays.com\/se\/wp-json\/wp\/v2\/posts\/121009\/revisions"}],"wp:featuredmedia":[{"embeddable":true,"href":"https:\/\/www.europesays.com\/se\/wp-json\/wp\/v2\/media\/121010"}],"wp:attachment":[{"href":"https:\/\/www.europesays.com\/se\/wp-json\/wp\/v2\/media?parent=121009"}],"wp:term":[{"taxonomy":"category","embeddable":true,"href":"https:\/\/www.europesays.com\/se\/wp-json\/wp\/v2\/categories?post=121009"},{"taxonomy":"post_tag","embeddable":true,"href":"https:\/\/www.europesays.com\/se\/wp-json\/wp\/v2\/tags?post=121009"}],"curies":[{"name":"wp","href":"https:\/\/api.w.org\/{rel}","templated":true}]}}