{"id":121011,"date":"2025-12-30T15:32:08","date_gmt":"2025-12-30T15:32:08","guid":{"rendered":"https:\/\/www.europesays.com\/se\/121011\/"},"modified":"2025-12-30T15:32:08","modified_gmt":"2025-12-30T15:32:08","slug":"borsen-vander-upp-expert-finns-lite-att-ta-ikapp","status":"publish","type":"post","link":"https:\/\/www.europesays.com\/se\/121011\/","title":{"rendered":"B\u00f6rsen v\u00e4nder upp \u2013 expert: \u201dFinns lite att ta ikapp\u201d"},"content":{"rendered":"<p class=\"\">\u00c5rets sista handelsdag inleds med sm\u00e5 r\u00f6relser under nollan, eller med \u201dganska avslagen handel\u201d, enligt Robert Oldstrand, aktiestrateg p\u00e5 Swedbank. Det \u00e4r inget ovanligt f\u00f6r mellandagarna. Drygt en timme senare har dock sentimentet v\u00e4nt, och runt 10-tiden \u00e4r <a class=\"null text-blue-link underline\" href=\"https:\/\/efn.se\/bors\/instrument\/17921\/omxs30\/oversikt\" rel=\"nofollow noopener\" target=\"_blank\">OMXS30<\/a> upp 0,3 procent, medan <a class=\"null text-blue-link underline\" href=\"https:\/\/efn.se\/bors\/instrument\/17921\/omxspi\/oversikt\" rel=\"nofollow noopener\" target=\"_blank\">OMXSPI<\/a> \u00e4r upp 0,1 procent. <\/p>\n<p class=\"\">I br\u00e4schen f\u00f6r uppg\u00e5ngarna g\u00e5r f\u00f6rsvarsbolag och gruvbolag. <\/p>\n<p>\u00d6kat intresse f\u00f6r r\u00e5varor<\/p>\n<p class=\"\">Metallpriserna har volatila dagar bakom sig, d\u00e4r guld, koppar och silver handlades upp under den europeiska handelsdagen, f\u00f6r att sedan falla brant under kv\u00e4llen. <\/p>\n<p class=\"\">\u2013 Guld och koppar p\u00e5verkar den svenska b\u00f6rsen mest, och de f\u00f6ll tillbaka lite grann. Men i och med att handeln har varit st\u00e4ngd s\u00e5 finns det fortfarande lite att \u201dta ikapp\u201d, s\u00e4ger Robert Oldstrand.<\/p>\n<p class=\"\">Han menar att intresset f\u00f6r r\u00e5varor \u00f6verlag har \u00f6kat under det senaste \u00e5ret.<\/p>\n<p class=\"\">\u2013 Det \u00e4r en sektor m\u00e5nga tidigare kanske inte har varit s\u00e5 exponerade mot, och nu vill man \u00f6ka den exponeringen. Stockholmsb\u00f6rsen har inte s\u00e5 m\u00e5nga bolag kopplat till r\u00e5varor, men vi har Boliden och Sandvik.<\/p>\n<p>I blickf\u00e5nget: Ryssland och Ukraina<\/p>\n<p class=\"\">Att h\u00e5lla \u00f6gonen p\u00e5 under handelsdagen menar han framf\u00f6r allt \u00e4r politiska utspel fr\u00e5n Kreml eller uppdateringar g\u00e4llande kriget i Ukraina. Efter st\u00e4ngning kommer \u00e4ven ett protokoll fr\u00e5n Fed, vilket kan komma att p\u00e5verka amerikanska innehav. <\/p>\n<p class=\"\">\u00c5rets sista handelsdag inneb\u00e4r ocks\u00e5 den sista m\u00f6jligheten f\u00f6r fondf\u00f6rvaltare att m\u00f6blera om i sina portf\u00f6ljer och uppvisa en snyggare sammans\u00e4ttning inf\u00f6r \u00e5rsber\u00e4ttelserna. Oldstrand tror dock inte att vi kommer att se stora fondf\u00f6rflyttningar under dagen.<\/p>\n<p class=\"\">\u2013 Jag tror redan att man har positionerat sig inf\u00f6r n\u00e4sta \u00e5r. Man brukar ju beh\u00e5lla sina \u00e4lsklingar f\u00f6r att visa upp, men jag tror redan att de b\u00f6rsr\u00f6relserna har skett, s\u00e4ger han. <\/p>\n","protected":false},"excerpt":{"rendered":"\u00c5rets sista handelsdag inleds med sm\u00e5 r\u00f6relser under nollan, eller med \u201dganska avslagen handel\u201d, enligt Robert Oldstrand, aktiestrateg&hellip;\n","protected":false},"author":2,"featured_media":121012,"comment_status":"","ping_status":"","sticky":false,"template":"","format":"standard","meta":{"footnotes":""},"categories":[5],"tags":[22,23,26,27,17,21,24,25,28,29,15,16,18,34,31,33,32,30,19,20],"class_list":{"0":"post-121011","1":"post","2":"type-post","3":"status-publish","4":"format-standard","5":"has-post-thumbnail","7":"category-rubriker","8":"tag-breaking-news","9":"tag-breakingnews","10":"tag-featured-news","11":"tag-featurednews","12":"tag-headlines","13":"tag-huvudnyheter","14":"tag-latest-news","15":"tag-latestnews","16":"tag-main-news","17":"tag-mainnews","18":"tag-news","19":"tag-nyheter","20":"tag-rubriker","21":"tag-se","22":"tag-svenska","23":"tag-sverige","24":"tag-sweden","25":"tag-swedish","26":"tag-top-stories","27":"tag-topstories"},"share_on_mastodon":{"url":"https:\/\/pubeurope.com\/@se\/115809245179058457","error":""},"_links":{"self":[{"href":"https:\/\/www.europesays.com\/se\/wp-json\/wp\/v2\/posts\/121011","targetHints":{"allow":["GET"]}}],"collection":[{"href":"https:\/\/www.europesays.com\/se\/wp-json\/wp\/v2\/posts"}],"about":[{"href":"https:\/\/www.europesays.com\/se\/wp-json\/wp\/v2\/types\/post"}],"author":[{"embeddable":true,"href":"https:\/\/www.europesays.com\/se\/wp-json\/wp\/v2\/users\/2"}],"replies":[{"embeddable":true,"href":"https:\/\/www.europesays.com\/se\/wp-json\/wp\/v2\/comments?post=121011"}],"version-history":[{"count":0,"href":"https:\/\/www.europesays.com\/se\/wp-json\/wp\/v2\/posts\/121011\/revisions"}],"wp:featuredmedia":[{"embeddable":true,"href":"https:\/\/www.europesays.com\/se\/wp-json\/wp\/v2\/media\/121012"}],"wp:attachment":[{"href":"https:\/\/www.europesays.com\/se\/wp-json\/wp\/v2\/media?parent=121011"}],"wp:term":[{"taxonomy":"category","embeddable":true,"href":"https:\/\/www.europesays.com\/se\/wp-json\/wp\/v2\/categories?post=121011"},{"taxonomy":"post_tag","embeddable":true,"href":"https:\/\/www.europesays.com\/se\/wp-json\/wp\/v2\/tags?post=121011"}],"curies":[{"name":"wp","href":"https:\/\/api.w.org\/{rel}","templated":true}]}}