{"id":121022,"date":"2025-12-30T15:48:08","date_gmt":"2025-12-30T15:48:08","guid":{"rendered":"https:\/\/www.europesays.com\/se\/121022\/"},"modified":"2025-12-30T15:48:08","modified_gmt":"2025-12-30T15:48:08","slug":"buss-korde-in-i-byggnad-sju-skadade","status":"publish","type":"post","link":"https:\/\/www.europesays.com\/se\/121022\/","title":{"rendered":"Buss k\u00f6rde in i byggnad \u2013 sju skadade"},"content":{"rendered":"<p class=\"boxtextgrotesk-root_baa6 hyperion-css-7pajle\">Uppdaterad 16.46 | Publicerad 16.19<\/p>\n<p>share-arrowDela<\/p>\n<p>unsaveSpara<\/p>\n<p>expand-left<\/p>\n<p>helsk\u00e4rm<img decoding=\"async\" class=\"image-asset hyperion-css-u06ts1\" data-test-tag=\"image-asset\" src=\"https:\/\/www.europesays.com\/se\/wp-content\/uploads\/2025\/12\/ed142773-1623-48eb-8e1c-c4ed9fbc1846.jpeg\"  alt=\"Polis, r\u00e4ddningstj\u00e4nst och ambulans p\u00e5 plats efter att en buss har k\u00f6rt in i en byggnad i Liljeholmen i Stockholm.\"  loading=\"eager\" fetchpriority=\"high\" style=\"aspect-ratio:1900 \/ 1267\"\/>Polis, r\u00e4ddningstj\u00e4nst och ambulans p\u00e5 plats efter att en buss har k\u00f6rt in i en byggnad i Liljeholmen i Stockholm. Foto: Fredrik Sandberg\/TT<\/p>\n<p class=\"hyperion-css-1shl3oz\" data-test-tag=\"lead-text\">En buss har k\u00f6rt in i en byggnad i Liljeholmen i s\u00f6dra Stockholm.<\/p>\n<p class=\"hyperion-css-1shl3oz\" data-test-tag=\"lead-text\">Sju personer som befann sig ombord p\u00e5 bussen har skadats.<\/p>\n<p class=\"hyperion-css-1v9qo5x\">Olyckan intr\u00e4ffade strax efter klockan 16 p\u00e5 tisdagen, enligt polisen.<\/p>\n<p class=\"hyperion-css-1v9qo5x\">\u2013 Vi ger v\u00e5rd till sju skadade personer p\u00e5 platsen, s\u00e4ger polisens presstalesperson Ola \u00d6sterling.<\/p>\n<p class=\"hyperion-css-1v9qo5x\">Polisen uppger att skadorna \u00e4r \u201dvarierande\u201d.<\/p>\n","protected":false},"excerpt":{"rendered":"Uppdaterad 16.46 | Publicerad 16.19 share-arrowDela unsaveSpara expand-left helsk\u00e4rmPolis, r\u00e4ddningstj\u00e4nst och ambulans p\u00e5 plats efter att en buss&hellip;\n","protected":false},"author":2,"featured_media":121023,"comment_status":"","ping_status":"","sticky":false,"template":"","format":"standard","meta":{"footnotes":""},"categories":[12],"tags":[22,23,26,27,17,21,24,25,28,29,15,16,18,34,31,33,32,30,19,20],"class_list":{"0":"post-121022","1":"post","2":"type-post","3":"status-publish","4":"format-standard","5":"has-post-thumbnail","7":"category-sverige","8":"tag-breaking-news","9":"tag-breakingnews","10":"tag-featured-news","11":"tag-featurednews","12":"tag-headlines","13":"tag-huvudnyheter","14":"tag-latest-news","15":"tag-latestnews","16":"tag-main-news","17":"tag-mainnews","18":"tag-news","19":"tag-nyheter","20":"tag-rubriker","21":"tag-se","22":"tag-svenska","23":"tag-sverige","24":"tag-sweden","25":"tag-swedish","26":"tag-top-stories","27":"tag-topstories"},"share_on_mastodon":{"url":"https:\/\/pubeurope.com\/@se\/115809308050306550","error":""},"_links":{"self":[{"href":"https:\/\/www.europesays.com\/se\/wp-json\/wp\/v2\/posts\/121022","targetHints":{"allow":["GET"]}}],"collection":[{"href":"https:\/\/www.europesays.com\/se\/wp-json\/wp\/v2\/posts"}],"about":[{"href":"https:\/\/www.europesays.com\/se\/wp-json\/wp\/v2\/types\/post"}],"author":[{"embeddable":true,"href":"https:\/\/www.europesays.com\/se\/wp-json\/wp\/v2\/users\/2"}],"replies":[{"embeddable":true,"href":"https:\/\/www.europesays.com\/se\/wp-json\/wp\/v2\/comments?post=121022"}],"version-history":[{"count":0,"href":"https:\/\/www.europesays.com\/se\/wp-json\/wp\/v2\/posts\/121022\/revisions"}],"wp:featuredmedia":[{"embeddable":true,"href":"https:\/\/www.europesays.com\/se\/wp-json\/wp\/v2\/media\/121023"}],"wp:attachment":[{"href":"https:\/\/www.europesays.com\/se\/wp-json\/wp\/v2\/media?parent=121022"}],"wp:term":[{"taxonomy":"category","embeddable":true,"href":"https:\/\/www.europesays.com\/se\/wp-json\/wp\/v2\/categories?post=121022"},{"taxonomy":"post_tag","embeddable":true,"href":"https:\/\/www.europesays.com\/se\/wp-json\/wp\/v2\/tags?post=121022"}],"curies":[{"name":"wp","href":"https:\/\/api.w.org\/{rel}","templated":true}]}}