{"id":121026,"date":"2025-12-30T15:56:16","date_gmt":"2025-12-30T15:56:16","guid":{"rendered":"https:\/\/www.europesays.com\/se\/121026\/"},"modified":"2025-12-30T15:56:16","modified_gmt":"2025-12-30T15:56:16","slug":"danderyd-donerar-moduler-till-ukraina-igen","status":"publish","type":"post","link":"https:\/\/www.europesays.com\/se\/121026\/","title":{"rendered":"Danderyd donerar moduler till Ukraina \u2013 igen"},"content":{"rendered":"<p class=\"ort\">Enebyberg<\/p>\n<p class=\"text\">Det var i juni f\u00f6r tv\u00e5 \u00e5r sedan som Danderyds kommun donerade de 56 modulbost\u00e4der som tidigare st\u00e5tt p\u00e5 Rinkebyv\u00e4gen till Ukraina, tillsammans med Myndigheten f\u00f6r civil f\u00f6rsvar, tidigare Myndigheten f\u00f6r samh\u00e4llsskydd och beredskap (MSB).<\/p>\n<p class=\"text\">Nu har det skett igen. Den h\u00e4r g\u00e5ngen var det de 25 bostadsmoduler som tidigare st\u00e5tt p\u00e5 Enmans v\u00e4g i Enebyberg.<\/p>\n<p class=\"text\">\u2013 Att kommunen nu, f\u00f6r andra g\u00e5ngen sk\u00e4nker bost\u00e4der k\u00e4nns som en sj\u00e4lvklarhet och jag hoppas inv\u00e5narna och medm\u00e4nniskorna i Danderyd h\u00e5ller med mig i detta, s\u00e4ger kommunalr\u00e5det Johanna Hornberger (M) i ett uttalande.<\/p>\n<p class=\"text\">Tomterna som husen tidigare stod p\u00e5 kommer att s\u00e4ljas p\u00e5 \u00f6ppna marknaden.<\/p>\n","protected":false},"excerpt":{"rendered":"Enebyberg Det var i juni f\u00f6r tv\u00e5 \u00e5r sedan som Danderyds kommun donerade de 56 modulbost\u00e4der som tidigare&hellip;\n","protected":false},"author":2,"featured_media":121027,"comment_status":"","ping_status":"","sticky":false,"template":"","format":"standard","meta":{"footnotes":""},"categories":[12],"tags":[22,23,26,27,17,21,24,25,28,29,15,16,18,34,31,33,32,30,19,20],"class_list":{"0":"post-121026","1":"post","2":"type-post","3":"status-publish","4":"format-standard","5":"has-post-thumbnail","7":"category-sverige","8":"tag-breaking-news","9":"tag-breakingnews","10":"tag-featured-news","11":"tag-featurednews","12":"tag-headlines","13":"tag-huvudnyheter","14":"tag-latest-news","15":"tag-latestnews","16":"tag-main-news","17":"tag-mainnews","18":"tag-news","19":"tag-nyheter","20":"tag-rubriker","21":"tag-se","22":"tag-svenska","23":"tag-sverige","24":"tag-sweden","25":"tag-swedish","26":"tag-top-stories","27":"tag-topstories"},"share_on_mastodon":{"url":"https:\/\/pubeurope.com\/@se\/115809339507750171","error":""},"_links":{"self":[{"href":"https:\/\/www.europesays.com\/se\/wp-json\/wp\/v2\/posts\/121026","targetHints":{"allow":["GET"]}}],"collection":[{"href":"https:\/\/www.europesays.com\/se\/wp-json\/wp\/v2\/posts"}],"about":[{"href":"https:\/\/www.europesays.com\/se\/wp-json\/wp\/v2\/types\/post"}],"author":[{"embeddable":true,"href":"https:\/\/www.europesays.com\/se\/wp-json\/wp\/v2\/users\/2"}],"replies":[{"embeddable":true,"href":"https:\/\/www.europesays.com\/se\/wp-json\/wp\/v2\/comments?post=121026"}],"version-history":[{"count":0,"href":"https:\/\/www.europesays.com\/se\/wp-json\/wp\/v2\/posts\/121026\/revisions"}],"wp:featuredmedia":[{"embeddable":true,"href":"https:\/\/www.europesays.com\/se\/wp-json\/wp\/v2\/media\/121027"}],"wp:attachment":[{"href":"https:\/\/www.europesays.com\/se\/wp-json\/wp\/v2\/media?parent=121026"}],"wp:term":[{"taxonomy":"category","embeddable":true,"href":"https:\/\/www.europesays.com\/se\/wp-json\/wp\/v2\/categories?post=121026"},{"taxonomy":"post_tag","embeddable":true,"href":"https:\/\/www.europesays.com\/se\/wp-json\/wp\/v2\/tags?post=121026"}],"curies":[{"name":"wp","href":"https:\/\/api.w.org\/{rel}","templated":true}]}}