{"id":121030,"date":"2025-12-30T16:04:07","date_gmt":"2025-12-30T16:04:07","guid":{"rendered":"https:\/\/www.europesays.com\/se\/121030\/"},"modified":"2025-12-30T16:04:07","modified_gmt":"2025-12-30T16:04:07","slug":"buss-korde-in-i-byggnad-i-stockholm-flera-skadade-utrikes","status":"publish","type":"post","link":"https:\/\/www.europesays.com\/se\/121030\/","title":{"rendered":"Buss k\u00f6rde in i byggnad i Stockholm \u2013 flera skadade | Utrikes"},"content":{"rendered":"<p class=\"aw-1gybjub aw-5vja16 kEtdKx kmuxyA yle__article__paragraph\">Olyckan skedde i Liljeholmen.<\/p>\n<p><img decoding=\"async\" alt=\"En karta \u00f6ver Stockholm.\" src=\"https:\/\/www.europesays.com\/se\/wp-content\/uploads\/2025\/12\/39-15757286953f0617ea4e.jpeg\" class=\"aw-1l9m598 hKVVvP\"\/><\/p>\n<p>\u00d6ppna bildvisare<\/p>\n<p>Olyckan skedde i Liljeholmen i Stockholm Bild: Bruno Ekman \/ Yle<\/p>\n<p class=\"aw-1gybjub aw-1p7kakr kEtdKx cEmitX yle__article__paragraph\">En buss har k\u00f6rt in i en byggnad i Liljeholmen, s\u00f6der om S\u00f6dermalm i Stockholm.<\/p>\n<p class=\"aw-1gybjub aw-1p7kakr kEtdKx cEmitX yle__article__paragraph\">Flera personer har skadats, uppger polisen enligt Aftonbladet.<\/p>\n<p class=\"aw-1gybjub aw-1p7kakr kEtdKx cEmitX yle__article__paragraph\">Tio personer har skadats, uppger polisens talesperson till SVT. Av dem har en person skadats allvarligt, enligt polisen busschauff\u00f6ren. Hen har flugits till sjukhus med ambulanshelikopter.<\/p>\n<p class=\"aw-1gybjub aw-1p7kakr kEtdKx cEmitX yle__article__paragraph\">Alla de skadade ska ha befunnit sig i bussen d\u00e5 olyckan skedde.<\/p>\n<p class=\"aw-1gybjub aw-1p7kakr kEtdKx cEmitX yle__article__paragraph\">Polisen s\u00e4ger att man kommer att inleda en brottsutredning f\u00f6r att ta reda p\u00e5 vad som lett till olyckan n\u00e4r r\u00e4ddningsarbetet \u00e4r \u00f6ver.<\/p>\n<p class=\"aw-1gybjub aw-1p7kakr kEtdKx cEmitX yle__article__paragraph\">Enligt polisen borde bussen ha sv\u00e4ngt in i en tunnel, men k\u00f6rde ist\u00e4llet rakt in i en husfasad brevid tunneln.<\/p>\n<p class=\"aw-1gybjub aw-1p7kakr kEtdKx cEmitX yle__article__paragraph\">Artikeln uppdateras<\/p>\n","protected":false},"excerpt":{"rendered":"Olyckan skedde i Liljeholmen. \u00d6ppna bildvisare Olyckan skedde i Liljeholmen i Stockholm Bild: Bruno Ekman \/ Yle En&hellip;\n","protected":false},"author":2,"featured_media":121031,"comment_status":"","ping_status":"","sticky":false,"template":"","format":"standard","meta":{"footnotes":""},"categories":[12],"tags":[22,23,5555,12850,26,27,17,21,1248,24,25,28,29,15,16,4972,18,34,258,31,33,32,30,19,20,12851,9848,237],"class_list":{"0":"post-121030","1":"post","2":"type-post","3":"status-publish","4":"format-standard","5":"has-post-thumbnail","7":"category-sverige","8":"tag-breaking-news","9":"tag-breakingnews","10":"tag-bussar","11":"tag-busstrafik","12":"tag-featured-news","13":"tag-featurednews","14":"tag-headlines","15":"tag-huvudnyheter","16":"tag-kollektivtrafik","17":"tag-latest-news","18":"tag-latestnews","19":"tag-main-news","20":"tag-mainnews","21":"tag-news","22":"tag-nyheter","23":"tag-olyckor","24":"tag-rubriker","25":"tag-se","26":"tag-stockholm","27":"tag-svenska","28":"tag-sverige","29":"tag-sweden","30":"tag-swedish","31":"tag-top-stories","32":"tag-topstories","33":"tag-trafikolycka","34":"tag-trafikolyckor","35":"tag-utrikes"},"share_on_mastodon":{"url":"https:\/\/pubeurope.com\/@se\/115809370995112028","error":""},"_links":{"self":[{"href":"https:\/\/www.europesays.com\/se\/wp-json\/wp\/v2\/posts\/121030","targetHints":{"allow":["GET"]}}],"collection":[{"href":"https:\/\/www.europesays.com\/se\/wp-json\/wp\/v2\/posts"}],"about":[{"href":"https:\/\/www.europesays.com\/se\/wp-json\/wp\/v2\/types\/post"}],"author":[{"embeddable":true,"href":"https:\/\/www.europesays.com\/se\/wp-json\/wp\/v2\/users\/2"}],"replies":[{"embeddable":true,"href":"https:\/\/www.europesays.com\/se\/wp-json\/wp\/v2\/comments?post=121030"}],"version-history":[{"count":0,"href":"https:\/\/www.europesays.com\/se\/wp-json\/wp\/v2\/posts\/121030\/revisions"}],"wp:featuredmedia":[{"embeddable":true,"href":"https:\/\/www.europesays.com\/se\/wp-json\/wp\/v2\/media\/121031"}],"wp:attachment":[{"href":"https:\/\/www.europesays.com\/se\/wp-json\/wp\/v2\/media?parent=121030"}],"wp:term":[{"taxonomy":"category","embeddable":true,"href":"https:\/\/www.europesays.com\/se\/wp-json\/wp\/v2\/categories?post=121030"},{"taxonomy":"post_tag","embeddable":true,"href":"https:\/\/www.europesays.com\/se\/wp-json\/wp\/v2\/tags?post=121030"}],"curies":[{"name":"wp","href":"https:\/\/api.w.org\/{rel}","templated":true}]}}