{"id":121032,"date":"2025-12-30T16:05:12","date_gmt":"2025-12-30T16:05:12","guid":{"rendered":"https:\/\/www.europesays.com\/se\/121032\/"},"modified":"2025-12-30T16:05:12","modified_gmt":"2025-12-30T16:05:12","slug":"ranare-kom-over-300-miljoner-som-oceans-eleven","status":"publish","type":"post","link":"https:\/\/www.europesays.com\/se\/121032\/","title":{"rendered":"R\u00e5nare kom \u00f6ver 300 miljoner \u2013 \u201dSom Oceans Eleven\u201d"},"content":{"rendered":"<p class=\"boxtextgrotesk-root_baa6 hyperion-css-7pajle\">Uppdaterad 16.57 | Publicerad 16.33<\/p>\n<p>share-arrowDela<\/p>\n<p>unsaveSpara<\/p>\n<p>expand-left<\/p>\n<p>helsk\u00e4rm<img decoding=\"async\" class=\"image-asset hyperion-css-u06ts1\" data-test-tag=\"image-asset\" src=\"https:\/\/www.europesays.com\/se\/wp-content\/uploads\/2025\/12\/feb9ae26-f9f0-4b45-ab3d-1f51fe0fd1e4.jpeg\"  alt=\"Poliser st\u00e5r framf\u00f6r banken d\u00e4r r\u00e5net \u00e4gde rum.\"  loading=\"eager\" fetchpriority=\"high\" style=\"aspect-ratio:1900 \/ 1267\"\/>Poliser st\u00e5r framf\u00f6r banken d\u00e4r r\u00e5net \u00e4gde rum. Foto: Christoph Reichwein\/Apa Via AP\/TT<\/p>\n<p class=\"hyperion-css-1shl3oz\" data-test-tag=\"lead-text\">En r\u00e5narliga i Tyskland har kommit \u00f6ver ett byte p\u00e5 motsvarande drygt 300 miljoner kronor sedan de borrat sig in i ett bankvalv, uppger polisen p\u00e5 tisdagen.<\/p>\n<p class=\"hyperion-css-1v9qo5x\">Kuppen \u00e4gde rum i v\u00e4stligt bel\u00e4gna staden Gelsenkirchen och g\u00e4rningspersonerna ska ha lyckats l\u00e4nsa \u00f6ver 3\u00a0000 fack som inneh\u00f6ll pengar, juveler och guld inuti valvet.<\/p>\n<p class=\"hyperion-css-1v9qo5x\">Polisens utredare bed\u00f6mer att r\u00e5narna tillbringade en stor del av den g\u00e5ngna helgen inuti valvet i sitt arbete med att bryta upp s\u00e4kerhetsfacken. F\u00f6rst tidigt i m\u00e5ndags morse gick det upp f\u00f6r myndigheterna vad som hade skett n\u00e4r ett brandlarm gick i g\u00e5ng och brandk\u00e5r och ambulans anl\u00e4nde till platsen och uppt\u00e4ckte h\u00e5let.<\/p>\n<p class=\"hyperion-css-1v9qo5x\">En polisk\u00e4lla uppger f\u00f6r AFP att inbrottet var \u201dmycket professionellt utf\u00f6rt\u201d och liknar det vid Hollywoodfilmen \u201dOceans Eleven\u201d.<\/p>\n<p class=\"hyperion-css-1v9qo5x\">\u2013 En stor m\u00e4ngd f\u00f6rkunskaper och\/eller en stor m\u00e4ngd kriminella kr\u00e4vs f\u00f6r att kunna planera och genomf\u00f6ra n\u00e5got s\u00e5dant h\u00e4r, s\u00e4ger k\u00e4llan.<\/p>\n<p class=\"hyperion-css-1v9qo5x\">R\u00e5narligan \u00e4r \u00e4nnu p\u00e5 fri fot.<\/p>\n","protected":false},"excerpt":{"rendered":"Uppdaterad 16.57 | Publicerad 16.33 share-arrowDela unsaveSpara expand-left helsk\u00e4rmPoliser st\u00e5r framf\u00f6r banken d\u00e4r r\u00e5net \u00e4gde rum. Foto: Christoph&hellip;\n","protected":false},"author":2,"featured_media":121033,"comment_status":"","ping_status":"","sticky":false,"template":"","format":"standard","meta":{"footnotes":""},"categories":[5],"tags":[22,23,26,27,17,21,24,25,28,29,15,16,18,34,31,33,32,30,19,20],"class_list":{"0":"post-121032","1":"post","2":"type-post","3":"status-publish","4":"format-standard","5":"has-post-thumbnail","7":"category-rubriker","8":"tag-breaking-news","9":"tag-breakingnews","10":"tag-featured-news","11":"tag-featurednews","12":"tag-headlines","13":"tag-huvudnyheter","14":"tag-latest-news","15":"tag-latestnews","16":"tag-main-news","17":"tag-mainnews","18":"tag-news","19":"tag-nyheter","20":"tag-rubriker","21":"tag-se","22":"tag-svenska","23":"tag-sverige","24":"tag-sweden","25":"tag-swedish","26":"tag-top-stories","27":"tag-topstories"},"share_on_mastodon":{"url":"https:\/\/pubeurope.com\/@se\/115809374867781467","error":""},"_links":{"self":[{"href":"https:\/\/www.europesays.com\/se\/wp-json\/wp\/v2\/posts\/121032","targetHints":{"allow":["GET"]}}],"collection":[{"href":"https:\/\/www.europesays.com\/se\/wp-json\/wp\/v2\/posts"}],"about":[{"href":"https:\/\/www.europesays.com\/se\/wp-json\/wp\/v2\/types\/post"}],"author":[{"embeddable":true,"href":"https:\/\/www.europesays.com\/se\/wp-json\/wp\/v2\/users\/2"}],"replies":[{"embeddable":true,"href":"https:\/\/www.europesays.com\/se\/wp-json\/wp\/v2\/comments?post=121032"}],"version-history":[{"count":0,"href":"https:\/\/www.europesays.com\/se\/wp-json\/wp\/v2\/posts\/121032\/revisions"}],"wp:featuredmedia":[{"embeddable":true,"href":"https:\/\/www.europesays.com\/se\/wp-json\/wp\/v2\/media\/121033"}],"wp:attachment":[{"href":"https:\/\/www.europesays.com\/se\/wp-json\/wp\/v2\/media?parent=121032"}],"wp:term":[{"taxonomy":"category","embeddable":true,"href":"https:\/\/www.europesays.com\/se\/wp-json\/wp\/v2\/categories?post=121032"},{"taxonomy":"post_tag","embeddable":true,"href":"https:\/\/www.europesays.com\/se\/wp-json\/wp\/v2\/tags?post=121032"}],"curies":[{"name":"wp","href":"https:\/\/api.w.org\/{rel}","templated":true}]}}