{"id":121036,"date":"2025-12-30T16:12:08","date_gmt":"2025-12-30T16:12:08","guid":{"rendered":"https:\/\/www.europesays.com\/se\/121036\/"},"modified":"2025-12-30T16:12:08","modified_gmt":"2025-12-30T16:12:08","slug":"terroratalad-18-aring-kan-domas-till-fangelse","status":"publish","type":"post","link":"https:\/\/www.europesays.com\/se\/121036\/","title":{"rendered":"Terror\u00e5talad 18-\u00e5ring kan d\u00f6mas till f\u00e4ngelse"},"content":{"rendered":"<p>share-arrowDela<\/p>\n<p>unsaveSpara<\/p>\n<p>expand-left<\/p>\n<p>helsk\u00e4rm<img decoding=\"async\" class=\"image-asset hyperion-css-u06ts1\" data-test-tag=\"image-asset\" src=\"https:\/\/www.europesays.com\/se\/wp-content\/uploads\/2025\/12\/39e692f8-3396-4af3-8734-52509d7d965f.jpeg\"  alt=\"R\u00e4tteg\u00e5ngsteckning f\u00f6rest\u00e4llande den \u00e5talade 18-\u00e5ringen och f\u00f6rsvarsadvokat Johan \u00c5kermark vid huvudf\u00f6rhandling om f\u00f6rberedelse till terroristbrott i Stockholms tingsr\u00e4tts h\u00f6gs\u00e4kerhetssal.\"  loading=\"eager\" fetchpriority=\"high\" style=\"aspect-ratio:1900 \/ 1069\"\/>R\u00e4tteg\u00e5ngsteckning f\u00f6rest\u00e4llande den \u00e5talade 18-\u00e5ringen och f\u00f6rsvarsadvokat Johan \u00c5kermark vid huvudf\u00f6rhandling om f\u00f6rberedelse till terroristbrott i Stockholms tingsr\u00e4tts h\u00f6gs\u00e4kerhetssal. Foto: Anders Humlebo\/TT<\/p>\n<p class=\"hyperion-css-1v9qo5x\">Den 18-\u00e5ring som misst\u00e4nks att ha planerat ett terrorattentat mot Kulturfestivalen i Stockholm lider inte av en allvarlig psykisk st\u00f6rning.<\/p>\n<p class=\"hyperion-css-1v9qo5x\">Det rapporterar P4 Malm\u00f6hus med h\u00e4nvisning till den r\u00e4ttspsykiatriska unders\u00f6kningen som nu \u00e4r klar.<\/p>\n<p class=\"hyperion-css-1v9qo5x\">18-\u00e5ringen kan d\u00e4rmed d\u00f6mas till f\u00e4ngelse.<\/p>\n","protected":false},"excerpt":{"rendered":"share-arrowDela unsaveSpara expand-left helsk\u00e4rmR\u00e4tteg\u00e5ngsteckning f\u00f6rest\u00e4llande den \u00e5talade 18-\u00e5ringen och f\u00f6rsvarsadvokat Johan \u00c5kermark vid huvudf\u00f6rhandling om f\u00f6rberedelse till terroristbrott&hellip;\n","protected":false},"author":2,"featured_media":121037,"comment_status":"","ping_status":"","sticky":false,"template":"","format":"standard","meta":{"footnotes":""},"categories":[12],"tags":[22,23,26,27,17,21,24,25,28,29,15,16,18,34,31,33,32,30,19,20],"class_list":{"0":"post-121036","1":"post","2":"type-post","3":"status-publish","4":"format-standard","5":"has-post-thumbnail","7":"category-sverige","8":"tag-breaking-news","9":"tag-breakingnews","10":"tag-featured-news","11":"tag-featurednews","12":"tag-headlines","13":"tag-huvudnyheter","14":"tag-latest-news","15":"tag-latestnews","16":"tag-main-news","17":"tag-mainnews","18":"tag-news","19":"tag-nyheter","20":"tag-rubriker","21":"tag-se","22":"tag-svenska","23":"tag-sverige","24":"tag-sweden","25":"tag-swedish","26":"tag-top-stories","27":"tag-topstories"},"share_on_mastodon":{"url":"https:\/\/pubeurope.com\/@se\/115809402569970711","error":""},"_links":{"self":[{"href":"https:\/\/www.europesays.com\/se\/wp-json\/wp\/v2\/posts\/121036","targetHints":{"allow":["GET"]}}],"collection":[{"href":"https:\/\/www.europesays.com\/se\/wp-json\/wp\/v2\/posts"}],"about":[{"href":"https:\/\/www.europesays.com\/se\/wp-json\/wp\/v2\/types\/post"}],"author":[{"embeddable":true,"href":"https:\/\/www.europesays.com\/se\/wp-json\/wp\/v2\/users\/2"}],"replies":[{"embeddable":true,"href":"https:\/\/www.europesays.com\/se\/wp-json\/wp\/v2\/comments?post=121036"}],"version-history":[{"count":0,"href":"https:\/\/www.europesays.com\/se\/wp-json\/wp\/v2\/posts\/121036\/revisions"}],"wp:featuredmedia":[{"embeddable":true,"href":"https:\/\/www.europesays.com\/se\/wp-json\/wp\/v2\/media\/121037"}],"wp:attachment":[{"href":"https:\/\/www.europesays.com\/se\/wp-json\/wp\/v2\/media?parent=121036"}],"wp:term":[{"taxonomy":"category","embeddable":true,"href":"https:\/\/www.europesays.com\/se\/wp-json\/wp\/v2\/categories?post=121036"},{"taxonomy":"post_tag","embeddable":true,"href":"https:\/\/www.europesays.com\/se\/wp-json\/wp\/v2\/tags?post=121036"}],"curies":[{"name":"wp","href":"https:\/\/api.w.org\/{rel}","templated":true}]}}