{"id":121038,"date":"2025-12-30T16:13:12","date_gmt":"2025-12-30T16:13:12","guid":{"rendered":"https:\/\/www.europesays.com\/se\/121038\/"},"modified":"2025-12-30T16:13:12","modified_gmt":"2025-12-30T16:13:12","slug":"hur-blir-sveriges-ekonomi-ar-2026","status":"publish","type":"post","link":"https:\/\/www.europesays.com\/se\/121038\/","title":{"rendered":"Hur blir Sveriges ekonomi \u00e5r 2026?"},"content":{"rendered":"<p class=\"NewsPage_contentType__euyJi\">Artikel<\/p>\n<p class=\"NewsPage_date__RVDK1\">Publicerad 2025-12-30 av Alva Ohlsson<\/p>\n<p class=\"Text_ef_leadText__ovWYb\">Svensk ekonomi har st\u00e4rkts under h\u00f6sten och BNP-tillv\u00e4xten tar ytterligare fart under 2026. Inflationstakten v\u00e4ntas ligga under Riksbankens m\u00e5l p\u00e5 tv\u00e5 procent, vilket talar f\u00f6r att styrr\u00e4ntan l\u00e4mnas of\u00f6r\u00e4ndrad p\u00e5 1,75 procent under n\u00e4sta \u00e5r. \u00c5terh\u00e4mtningen p\u00e5 arbetsmarknaden sker d\u00e4remot med viss eftersl\u00e4pning och v\u00e4ntas ta tydligare fart f\u00f6rst under 2027.<\/p>\n<p>\u00c5r 2026 i korthet<\/p>\n<ul class=\"List_ef_list__4wwiZ\">\n<li>\n<p>Starkare BNP-tillv\u00e4xt runt 2,8 procent<\/p>\n<\/li>\n<li>\n<p>Inflationen under m\u00e5let p\u00e5 2 procent<\/p>\n<\/li>\n<li>\n<p>Styrr\u00e4ntan l\u00e4mnas of\u00f6r\u00e4ndrad p\u00e5 1,75 procent<\/p>\n<\/li>\n<li>\n<p>Fortsatt h\u00f6g arbetsl\u00f6shet p\u00e5 8,5 procent<\/p>\n<\/li>\n<\/ul>\n<p>Starkare BNP-tillv\u00e4xt 2026<\/p>\n<p>BNP-tillv\u00e4xten har varit starkare \u00e4n v\u00e4ntat under h\u00f6sten 2025 och mycket talar f\u00f6r att uppg\u00e5ngen forts\u00e4tter under 2026. Enligt prognoser fr\u00e5n flera bed\u00f6mare v\u00e4ntas BNP \u00f6ka med omkring 2,8 procent n\u00e4sta \u00e5r, vilket inneb\u00e4r en tydlig f\u00f6rst\u00e4rkning j\u00e4mf\u00f6rt med de n\u00e4rmast f\u00f6reg\u00e5ende \u00e5ren.<\/p>\n<p>Tillv\u00e4xten f\u00f6rv\u00e4ntas framf\u00f6r allt drivas av <a class=\"Text_ef_link__9Zl47\" href=\"https:\/\/www.ekonomifakta.se\/sakomraden\/makroekonomi\/Konjunkturindikatorer\/hushallens-konsumtion_1210862.html\" rel=\"nofollow noopener\" target=\"_blank\">hush\u00e5llens konsumtion<\/a>, som historiskt har varit den viktigaste bidragsgivaren till <a class=\"Text_ef_link__9Zl47\" href=\"https:\/\/www.ekonomifakta.se\/sakomraden\/makroekonomi\/bnptillvaxt\/bnp-tillvaxt_1234467.html\" rel=\"nofollow noopener\" target=\"_blank\">BNP-tillv\u00e4xten<\/a> i Sverige. En kombination av l\u00e5g inflation, l\u00e4gre r\u00e4ntor och en mer expansiv finanspolitik st\u00e4rker hush\u00e5llens k\u00f6pkraft under 2026. Det f\u00f6rb\u00e4ttrade ekonomiska l\u00e4get ger hush\u00e5llen \u00f6kat utrymme f\u00f6r konsumtion.<\/p>\n<p>Inflationen under m\u00e5let 2026<\/p>\n<p>Enligt prognosmakare v\u00e4ntas inflationen, m\u00e4tt som KPI med fast r\u00e4nta (KPIF), sjunka till omkring en procent under 2026, vilket \u00e4r under Riksbankens inflationsm\u00e5l p\u00e5 tv\u00e5 procent.<\/p>\n<p>Den l\u00e4gre inflationen f\u00f6rklaras av flera faktorer. Till exempel bidrar en starkare krona till l\u00e4gre importpriser, vilket d\u00e4mpar prisutvecklingen p\u00e5 b\u00e5de konsumtionsvaror och insatsvaror i ekonomin. Samtidigt bed\u00f6mer Riksbanken att de l\u00e5ngsiktiga <a class=\"Text_ef_link__9Zl47\" href=\"https:\/\/www.ekonomifakta.se\/sakomraden\/makroekonomi\/Konjunkturindikatorer\/inflationsforvantningar_1223502.html\" rel=\"nofollow noopener\" target=\"_blank\">inflationsf\u00f6rv\u00e4ntningarna<\/a> \u00e4r v\u00e4l f\u00f6rankrade kring inflationsm\u00e5let. N\u00e4r hush\u00e5ll och f\u00f6retag f\u00f6rv\u00e4ntar sig en l\u00e5g och stabil inflation minskar risken f\u00f6r att pris- och l\u00f6ne\u00f6kningar f\u00f6rst\u00e4rker varandra, vilket bidrar till en mer stabil prisutveckling \u00f6ver tid.<\/p>\n<p>R\u00e4ntan l\u00e4mnas of\u00f6r\u00e4ndrad under 2026<\/p>\n<p>Med <a class=\"Text_ef_link__9Zl47\" href=\"https:\/\/www.ekonomifakta.se\/sakomraden\/makroekonomi\/inflation-och-styrrantor\/inflation_1208879.html\" rel=\"nofollow noopener\" target=\"_blank\">inflationen<\/a> n\u00e4ra m\u00e5let och en ekonomi som forts\u00e4tter att v\u00e4xa r\u00e4knar de flesta prognosmakare med att <a class=\"Text_ef_link__9Zl47\" href=\"https:\/\/www.ekonomifakta.se\/sakomraden\/makroekonomi\/inflation-och-styrrantor\/styrrantan_1208883.html\" rel=\"nofollow noopener\" target=\"_blank\">styrr\u00e4ntan<\/a> ligger kvar p\u00e5 1,75 procent under hela 2026. Den sjunkande inflationen inneb\u00e4r att det inte finns n\u00e5got tydligt behov av att h\u00f6ja r\u00e4ntan under \u00e5ret.<\/p>\n<p>Konjunkturinstitutet g\u00f6r d\u00e4remot en annan bed\u00f6mning och v\u00e4ntar sig en r\u00e4nteh\u00f6jning mot slutet av 2026. Syftet \u00e4r att f\u00f6rebygga att inflationen stiger \u00f6ver m\u00e5let under 2027.<\/p>\n<p>Fortsatt h\u00f6g arbetsl\u00f6shet n\u00e4sta \u00e5r<\/p>\n<p>Trots att ekonomin v\u00e4ntas \u00e5terh\u00e4mta sig under 2026 sker f\u00f6rb\u00e4ttringen p\u00e5 arbetsmarknaden med viss eftersl\u00e4pning. De flesta prognosmakare bed\u00f6mer att <a class=\"Text_ef_link__9Zl47\" href=\"https:\/\/www.ekonomifakta.se\/sakomraden\/arbetsmarknad\/arbetsloshet\/arbetsloshet_1212507.html\" rel=\"nofollow noopener\" target=\"_blank\">arbetsl\u00f6sheten<\/a> ligger kvar p\u00e5 omkring 8,5 procent under 2026. N\u00e4r konjunkturen st\u00e4rks \u00f6kar efterfr\u00e5gan p\u00e5 arbetskraft och syssels\u00e4ttningen stiger, vilket bidrar till att arbetsl\u00f6sheten gradvis faller tillbaka till cirka 7,8 procent under 2027.<\/p>\n<p>En arbetsl\u00f6shet p\u00e5 drygt sju procent kan framst\u00e5 som h\u00f6g i en period av konjunktur\u00e5terh\u00e4mtning. Men en stor del av arbetsl\u00f6sheten beror dock p\u00e5 strukturella faktorer snarare \u00e4n p\u00e5 det aktuella konjunkturl\u00e4get. Det handlar om l\u00e5ngsiktiga f\u00f6rh\u00e5llanden, s\u00e5som att m\u00e5nga arbetss\u00f6kande saknar den utbildning eller kompetens som efterfr\u00e5gas, samtidigt som arbetsgivare i flera branscher har sv\u00e5rt att hitta arbetskraft med r\u00e4tt kvalifikationer. Dessa matchningsproblem bidrar till att arbetsl\u00f6sheten f\u00f6rblir relativt h\u00f6g \u00e4ven n\u00e4r ekonomin v\u00e4xer.<\/p>\n<p><img alt=\"Alva Ohlsson, Nationalekonom\" loading=\"lazy\" width=\"185\" height=\"185\" decoding=\"async\" data-nimg=\"1\" class=\"AuthorCard_authorPhoto__Xd0ps\" style=\"color:transparent\"  src=\"\/_next\/image?url=https%3A%2F%2Fwww.ekonomifakta.se%2Fbilder_och_dokument%2Fuyiel2_alva-ohlsson-litenjpg_1227805.html%2Falternates%2FSQUARE_PH%2FAlva%2520Ohlsson%2520-%2520liten.jpg&amp;w=384&amp;q=75\"\/><\/p>\n","protected":false},"excerpt":{"rendered":"Artikel Publicerad 2025-12-30 av Alva Ohlsson Svensk ekonomi har st\u00e4rkts under h\u00f6sten och BNP-tillv\u00e4xten tar ytterligare fart under&hellip;\n","protected":false},"author":2,"featured_media":121039,"comment_status":"","ping_status":"","sticky":false,"template":"","format":"standard","meta":{"footnotes":""},"categories":[5],"tags":[22,23,26,27,17,21,24,25,28,29,15,16,18,34,31,33,32,30,19,20],"class_list":{"0":"post-121038","1":"post","2":"type-post","3":"status-publish","4":"format-standard","5":"has-post-thumbnail","7":"category-rubriker","8":"tag-breaking-news","9":"tag-breakingnews","10":"tag-featured-news","11":"tag-featurednews","12":"tag-headlines","13":"tag-huvudnyheter","14":"tag-latest-news","15":"tag-latestnews","16":"tag-main-news","17":"tag-mainnews","18":"tag-news","19":"tag-nyheter","20":"tag-rubriker","21":"tag-se","22":"tag-svenska","23":"tag-sverige","24":"tag-sweden","25":"tag-swedish","26":"tag-top-stories","27":"tag-topstories"},"share_on_mastodon":{"url":"https:\/\/pubeurope.com\/@se\/115809406319373024","error":""},"_links":{"self":[{"href":"https:\/\/www.europesays.com\/se\/wp-json\/wp\/v2\/posts\/121038","targetHints":{"allow":["GET"]}}],"collection":[{"href":"https:\/\/www.europesays.com\/se\/wp-json\/wp\/v2\/posts"}],"about":[{"href":"https:\/\/www.europesays.com\/se\/wp-json\/wp\/v2\/types\/post"}],"author":[{"embeddable":true,"href":"https:\/\/www.europesays.com\/se\/wp-json\/wp\/v2\/users\/2"}],"replies":[{"embeddable":true,"href":"https:\/\/www.europesays.com\/se\/wp-json\/wp\/v2\/comments?post=121038"}],"version-history":[{"count":0,"href":"https:\/\/www.europesays.com\/se\/wp-json\/wp\/v2\/posts\/121038\/revisions"}],"wp:featuredmedia":[{"embeddable":true,"href":"https:\/\/www.europesays.com\/se\/wp-json\/wp\/v2\/media\/121039"}],"wp:attachment":[{"href":"https:\/\/www.europesays.com\/se\/wp-json\/wp\/v2\/media?parent=121038"}],"wp:term":[{"taxonomy":"category","embeddable":true,"href":"https:\/\/www.europesays.com\/se\/wp-json\/wp\/v2\/categories?post=121038"},{"taxonomy":"post_tag","embeddable":true,"href":"https:\/\/www.europesays.com\/se\/wp-json\/wp\/v2\/tags?post=121038"}],"curies":[{"name":"wp","href":"https:\/\/api.w.org\/{rel}","templated":true}]}}