{"id":121040,"date":"2025-12-30T16:17:06","date_gmt":"2025-12-30T16:17:06","guid":{"rendered":"https:\/\/www.europesays.com\/se\/121040\/"},"modified":"2025-12-30T16:17:06","modified_gmt":"2025-12-30T16:17:06","slug":"kristina-keyyo-petrushinas-mysiga-bilder-med-kristofer-greczula","status":"publish","type":"post","link":"https:\/\/www.europesays.com\/se\/121040\/","title":{"rendered":"Kristina \u201dKeyyo\u201d Petrushinas mysiga bilder med Kristofer Greczula"},"content":{"rendered":"<p>Publicerad 30 dec 2025 kl 16.54<\/p>\n<p>P\u00e5 tv\u00e5 bilder som Kristina \u201dKeyyo\u201d Petrushina delat p\u00e5 Instagram syns hon kramas med Mellodeltagaren Kristofer Greczula.\u00a0<\/p>\n<p>I kommentarsf\u00e4ltet gratulerar f\u00f6ljarna och skickar hj\u00e4rtan.\u00a0<\/p>\n<p>\u201d2025 \u2013 tack f\u00f6r allt\u201d, skriver hon till bildspelet.\u00a0<\/p>\n<p><img loading=\"lazy\"   alt=\"\"\/><\/p>\n<p>Keyyo och Edvin T\u00f6rnblom ledde Melodifestivalen 2025 ihop.<\/p>\n<p>Foto: Anders Wiklund\/TT \/ TT NYHETSBYR\u00c5N<\/p>\n<p>\u00d6ppna bild i helsk\u00e4rm<img loading=\"lazy\"   alt=\"\"\/><\/p>\n<p>Kristofer Greczula kom trea i \u00e5rets Melodifestivalen.<\/p>\n<p>Foto: Karin T\u00f6rnblom\/TT \/ TT NYHETSBYR\u00c5N<\/p>\n<p>\u00d6ppna bild i helsk\u00e4rm<\/p>\n<p>Kristina \u201dKeyyo\u201d Petrushina har synts flitigt i olika tv-program de senaste \u00e5ren, senast som programledare i Melodifestivalen tillsammans med Edvin T\u00f6rnblom.\u00a0<\/p>\n<p>D\u00e5 har det flera g\u00e5nger kommit p\u00e5 tal att Keyyo \u00e4r singel och s\u00f6ker mannen i sitt liv, bland annat n\u00e4r hon dejtade olika Mello-profiler i \u201dKeyyo dejtar en Mellohunk\u201d.\u00a0<\/p>\n<p>Nu verkar det som att tv-profilen funnit just en Mellohunk.<\/p>\n<p>I ett bildspel p\u00e5 Instagram delar hon flera bilder d\u00e4r hon p\u00e5 ett par bilder syns krama Mellodeltagaren Kristofer <a href=\"https:\/\/www.expressen.se\/tagg\/person\/greczula\/\" class=\"\" rel=\"nofollow noopener\" target=\"_blank\">Greczula<\/a>, som kammade hem en tredjeplats i \u00e5rets t\u00e4vling med l\u00e5ten \u201dBelieve Me\u201d.<\/p>\n<p>\u201d2025 \u2013 tack f\u00f6r allt\u201d, skriver hon till bildspelet.\u00a0<\/p>\n<p>I kommentarsf\u00e4ltet v\u00e4ller gratulationerna in.\u00a0<\/p>\n<p>\u201d\u00c5h. Glad f\u00f6r dig och f\u00f6r er! Tv\u00e5 favoriter!!\u201d, skriver Sonja Ald\u00e9n.\u00a0<\/p>\n<p>Programledaren Jessica Almen\u00e4s kommenterar med ett hj\u00e4rta, och det g\u00f6r ocks\u00e5 Linda Pritschard.\u00a0<\/p>\n<p>Expressen s\u00f6ker Keyyo och Greczula.\u00a0<\/p>\n<p><img loading=\"lazy\"   alt=\"\"\/><\/p>\n<p>Keyyo delar tv\u00e5 bilder p\u00e5 Instagram d\u00e4r hon syns krama om Kristofer Greczula.<\/p>\n<p>Foto: Instagram<\/p>\n<p>\u00d6ppna bild i helsk\u00e4rm<img loading=\"lazy\"   alt=\"\"\/><\/p>\n<p>\u201dTack f\u00f6r allt\u201d, skriver hon.<\/p>\n<p>Foto: Instagram<\/p>\n<p>\u00d6ppna bild i helsk\u00e4rm<\/p>\n","protected":false},"excerpt":{"rendered":"Publicerad 30 dec 2025 kl 16.54 P\u00e5 tv\u00e5 bilder som Kristina \u201dKeyyo\u201d Petrushina delat p\u00e5 Instagram syns hon&hellip;\n","protected":false},"author":2,"featured_media":121041,"comment_status":"","ping_status":"","sticky":false,"template":"","format":"standard","meta":{"footnotes":""},"categories":[67],"tags":[104,3055,12853,12852,34,31,33,32,30,402,310,105],"class_list":{"0":"post-121040","1":"post","2":"type-post","3":"status-publish","4":"format-standard","5":"has-post-thumbnail","7":"category-underhallning","8":"tag-entertainment","9":"tag-organization-melodifestivalen","10":"tag-person-greczula","11":"tag-person-kristina-keyyo-petrushina","12":"tag-se","13":"tag-svenska","14":"tag-sverige","15":"tag-sweden","16":"tag-swedish","17":"tag-topic-artister","18":"tag-topic-kandisar","19":"tag-underhallning"},"share_on_mastodon":{"url":"https:\/\/pubeurope.com\/@se\/115809422095155274","error":""},"_links":{"self":[{"href":"https:\/\/www.europesays.com\/se\/wp-json\/wp\/v2\/posts\/121040","targetHints":{"allow":["GET"]}}],"collection":[{"href":"https:\/\/www.europesays.com\/se\/wp-json\/wp\/v2\/posts"}],"about":[{"href":"https:\/\/www.europesays.com\/se\/wp-json\/wp\/v2\/types\/post"}],"author":[{"embeddable":true,"href":"https:\/\/www.europesays.com\/se\/wp-json\/wp\/v2\/users\/2"}],"replies":[{"embeddable":true,"href":"https:\/\/www.europesays.com\/se\/wp-json\/wp\/v2\/comments?post=121040"}],"version-history":[{"count":0,"href":"https:\/\/www.europesays.com\/se\/wp-json\/wp\/v2\/posts\/121040\/revisions"}],"wp:featuredmedia":[{"embeddable":true,"href":"https:\/\/www.europesays.com\/se\/wp-json\/wp\/v2\/media\/121041"}],"wp:attachment":[{"href":"https:\/\/www.europesays.com\/se\/wp-json\/wp\/v2\/media?parent=121040"}],"wp:term":[{"taxonomy":"category","embeddable":true,"href":"https:\/\/www.europesays.com\/se\/wp-json\/wp\/v2\/categories?post=121040"},{"taxonomy":"post_tag","embeddable":true,"href":"https:\/\/www.europesays.com\/se\/wp-json\/wp\/v2\/tags?post=121040"}],"curies":[{"name":"wp","href":"https:\/\/api.w.org\/{rel}","templated":true}]}}