{"id":121052,"date":"2025-12-30T16:38:30","date_gmt":"2025-12-30T16:38:30","guid":{"rendered":"https:\/\/www.europesays.com\/se\/121052\/"},"modified":"2025-12-30T16:38:30","modified_gmt":"2025-12-30T16:38:30","slug":"marcus-marklund-startar-heyu-events-i-skelleftea","status":"publish","type":"post","link":"https:\/\/www.europesays.com\/se\/121052\/","title":{"rendered":"Marcus Marklund startar Heyu Events i Skellefte\u00e5"},"content":{"rendered":"<p>N\u00e4r de flesta i Skellefte\u00e5 t\u00e4nker p\u00e5 Marcus Marklund, 30, g\u00e5r tankarna till Trampolinhuset. Sedan 2018 har han drivit anl\u00e4ggningen som blivit ett popul\u00e4rt utflyktsm\u00e5l f\u00f6r barnfamiljer. Men parallellt har en annan id\u00e9 vuxit fram \u2013 l\u00e5ngt fr\u00e5n skumgropar och studsmattor.Nu startar han bolaget Heyu Events, med ambitionen att skapa klubbkv\u00e4llar i en stad d\u00e4r utbudet krympt<\/p>\n","protected":false},"excerpt":{"rendered":"N\u00e4r de flesta i Skellefte\u00e5 t\u00e4nker p\u00e5 Marcus Marklund, 30, g\u00e5r tankarna till Trampolinhuset. Sedan 2018 har han&hellip;\n","protected":false},"author":2,"featured_media":121053,"comment_status":"","ping_status":"","sticky":false,"template":"","format":"standard","meta":{"footnotes":""},"categories":[5],"tags":[22,23,26,27,17,21,24,25,28,29,15,16,18,34,31,33,32,30,19,20],"class_list":{"0":"post-121052","1":"post","2":"type-post","3":"status-publish","4":"format-standard","5":"has-post-thumbnail","7":"category-rubriker","8":"tag-breaking-news","9":"tag-breakingnews","10":"tag-featured-news","11":"tag-featurednews","12":"tag-headlines","13":"tag-huvudnyheter","14":"tag-latest-news","15":"tag-latestnews","16":"tag-main-news","17":"tag-mainnews","18":"tag-news","19":"tag-nyheter","20":"tag-rubriker","21":"tag-se","22":"tag-svenska","23":"tag-sverige","24":"tag-sweden","25":"tag-swedish","26":"tag-top-stories","27":"tag-topstories"},"share_on_mastodon":{"url":"https:\/\/pubeurope.com\/@se\/115809504651410632","error":""},"_links":{"self":[{"href":"https:\/\/www.europesays.com\/se\/wp-json\/wp\/v2\/posts\/121052","targetHints":{"allow":["GET"]}}],"collection":[{"href":"https:\/\/www.europesays.com\/se\/wp-json\/wp\/v2\/posts"}],"about":[{"href":"https:\/\/www.europesays.com\/se\/wp-json\/wp\/v2\/types\/post"}],"author":[{"embeddable":true,"href":"https:\/\/www.europesays.com\/se\/wp-json\/wp\/v2\/users\/2"}],"replies":[{"embeddable":true,"href":"https:\/\/www.europesays.com\/se\/wp-json\/wp\/v2\/comments?post=121052"}],"version-history":[{"count":0,"href":"https:\/\/www.europesays.com\/se\/wp-json\/wp\/v2\/posts\/121052\/revisions"}],"wp:featuredmedia":[{"embeddable":true,"href":"https:\/\/www.europesays.com\/se\/wp-json\/wp\/v2\/media\/121053"}],"wp:attachment":[{"href":"https:\/\/www.europesays.com\/se\/wp-json\/wp\/v2\/media?parent=121052"}],"wp:term":[{"taxonomy":"category","embeddable":true,"href":"https:\/\/www.europesays.com\/se\/wp-json\/wp\/v2\/categories?post=121052"},{"taxonomy":"post_tag","embeddable":true,"href":"https:\/\/www.europesays.com\/se\/wp-json\/wp\/v2\/tags?post=121052"}],"curies":[{"name":"wp","href":"https:\/\/api.w.org\/{rel}","templated":true}]}}