{"id":121064,"date":"2025-12-30T16:56:06","date_gmt":"2025-12-30T16:56:06","guid":{"rendered":"https:\/\/www.europesays.com\/se\/121064\/"},"modified":"2025-12-30T16:56:06","modified_gmt":"2025-12-30T16:56:06","slug":"buss-har-kort-in-i-husfasad-i-liljeholmen","status":"publish","type":"post","link":"https:\/\/www.europesays.com\/se\/121064\/","title":{"rendered":"Buss har k\u00f6rt in i husfasad i Liljeholmen"},"content":{"rendered":"<p>Vid 16.06 inkom larm till polisen om att en trafikolycka i Liljeholmen. Olyckan har skett n\u00e4ra en tv\u00e4rbanestation och p\u00e5 bilder fr\u00e5n platsen ser man hur en buss krockat med en byggnad. <\/p>\n<p>Enligt SVT:s uts\u00e4nda \u00e4r det halt v\u00e4glag p\u00e5 platsen. <\/p>\n<p>\u2013 En har buss k\u00f6rt in i en fasad och det \u00e4r flera skadade, s\u00e4ger Ola \u00d6sterling, polisens presstalesperson, till SVT.<\/p>\n<p>Avf\u00f6rd med ambulanshelikopter<\/p>\n<p>Enligt Region Stockholm \u00e4r det totalt 13 personer som skadats. <\/p>\n<p>\u2013 Sex personer har f\u00f6rts till sjukhus, varav en \u00e4r allvarligt skadad och har transporterats med ambulanshelikopter. Ytterligare sju har f\u00f6rts till n\u00e4rakut, s\u00e4ger Michelle Marcher, pressansvarig p\u00e5 regionen. <\/p>\n<p>Totalt har 17 personer befunnit sig ombord p\u00e5 bussen vid olyckstillf\u00e4llet.<\/p>\n<p>Busschauff\u00f6ren finns bland de skadade. Polisen uppger ocks\u00e5 att det \u00e4r passagerare ombord som skadats \u2013 och att det i nul\u00e4get inte finns uppgifter om att n\u00e5gra andra personer utanf\u00f6r bussen ska ha skadats. <\/p>\n<p>Ambulans, r\u00e4ddningstj\u00e4nst och flera polisenheter \u00e4r p\u00e5 plats. <\/p>\n<p>\u201dSka ha tagit tv\u00e4rstopp\u201d<\/p>\n<p>\u2013 Det ska ha tagit tv\u00e4rstopp vid krocken. Och enligt de initiala uppgifterna har personer ombord p\u00e5 bussen d\u00e5 trillat omkull och skadat sig, s\u00e4ger Ola \u00d6sterling.<\/p>\n<p>Det \u00e4r \u00e4nnu f\u00f6r tidigt f\u00f6r att spekulera i vad som kan ha orsakat att bussen krockade, enligt Ola \u00d6sterling. <\/p>\n<p>\u2013 Det \u00e4r \u00e4nnu v\u00e4ldigt tidigt och vi ger fortfarande mest resurser till att r\u00e4dda liv p\u00e5 plats. Men i takt med att tiden g\u00e5r kommer vi kunna ge mer information om vad som kan ha varit orsaken till olyckan, s\u00e4ger han. <\/p>\n<p>En person p\u00e5 platsen som SVT pratat ber\u00e4ttar att han s\u00e5g r\u00e4ddningspersonal g\u00e5 mot bussen med b\u00e5rar.<\/p>\n<p>Enligt ledningsbef\u00e4l p\u00e5 r\u00e4ddningstj\u00e4nst Mitt har de bed\u00f6mt att insatsen fr\u00e5n deras sida ska vara avslutad inom en och en halv timme. Platsen \u00e4r avsp\u00e4rrad.<\/p>\n<p>Bussen har tagits i beslag<\/p>\n<p>Tv\u00e4rbana och buss har stoppats f\u00f6rbi Liljeholmen i b\u00e5da riktningar under det att r\u00e4ddningsinsatsen p\u00e5g\u00e5r. <\/p>\n<p>Avsp\u00e4rrningar uppr\u00e4ttats kring tv\u00e4rbanestationen och tunnelbanan \u2013 och ordningsvakter finns tillg\u00e4ngliga vid Liljeholmstorget f\u00f6r hj\u00e4lpa till. <\/p>\n<p>Klockan 17.20 meddelade polisen att de har inlett en brottsutredning om v\u00e5rdsl\u00f6shet i trafik och v\u00e5llande till kroppsskada. Bussen har tagits i beslag av polisen och ska nu b\u00e4rgas fr\u00e5n platsen f\u00f6r en teknisk unders\u00f6kning.<\/p>\n<p>Texten uppdateras.<\/p>\n","protected":false},"excerpt":{"rendered":"Vid 16.06 inkom larm till polisen om att en trafikolycka i Liljeholmen. Olyckan har skett n\u00e4ra en tv\u00e4rbanestation&hellip;\n","protected":false},"author":2,"featured_media":121065,"comment_status":"","ping_status":"","sticky":false,"template":"","format":"standard","meta":{"footnotes":""},"categories":[5],"tags":[22,23,26,27,17,21,24,25,28,29,15,16,18,34,31,33,32,30,19,20],"class_list":{"0":"post-121064","1":"post","2":"type-post","3":"status-publish","4":"format-standard","5":"has-post-thumbnail","7":"category-rubriker","8":"tag-breaking-news","9":"tag-breakingnews","10":"tag-featured-news","11":"tag-featurednews","12":"tag-headlines","13":"tag-huvudnyheter","14":"tag-latest-news","15":"tag-latestnews","16":"tag-main-news","17":"tag-mainnews","18":"tag-news","19":"tag-nyheter","20":"tag-rubriker","21":"tag-se","22":"tag-svenska","23":"tag-sverige","24":"tag-sweden","25":"tag-swedish","26":"tag-top-stories","27":"tag-topstories"},"share_on_mastodon":{"url":"https:\/\/pubeurope.com\/@se\/115809575389757064","error":""},"_links":{"self":[{"href":"https:\/\/www.europesays.com\/se\/wp-json\/wp\/v2\/posts\/121064","targetHints":{"allow":["GET"]}}],"collection":[{"href":"https:\/\/www.europesays.com\/se\/wp-json\/wp\/v2\/posts"}],"about":[{"href":"https:\/\/www.europesays.com\/se\/wp-json\/wp\/v2\/types\/post"}],"author":[{"embeddable":true,"href":"https:\/\/www.europesays.com\/se\/wp-json\/wp\/v2\/users\/2"}],"replies":[{"embeddable":true,"href":"https:\/\/www.europesays.com\/se\/wp-json\/wp\/v2\/comments?post=121064"}],"version-history":[{"count":0,"href":"https:\/\/www.europesays.com\/se\/wp-json\/wp\/v2\/posts\/121064\/revisions"}],"wp:featuredmedia":[{"embeddable":true,"href":"https:\/\/www.europesays.com\/se\/wp-json\/wp\/v2\/media\/121065"}],"wp:attachment":[{"href":"https:\/\/www.europesays.com\/se\/wp-json\/wp\/v2\/media?parent=121064"}],"wp:term":[{"taxonomy":"category","embeddable":true,"href":"https:\/\/www.europesays.com\/se\/wp-json\/wp\/v2\/categories?post=121064"},{"taxonomy":"post_tag","embeddable":true,"href":"https:\/\/www.europesays.com\/se\/wp-json\/wp\/v2\/tags?post=121064"}],"curies":[{"name":"wp","href":"https:\/\/api.w.org\/{rel}","templated":true}]}}