{"id":121066,"date":"2025-12-30T16:58:35","date_gmt":"2025-12-30T16:58:35","guid":{"rendered":"https:\/\/www.europesays.com\/se\/121066\/"},"modified":"2025-12-30T16:58:35","modified_gmt":"2025-12-30T16:58:35","slug":"sa-vill-nye-sportchefen-utveckla-vsk-redan-bevisat-vlt","status":"publish","type":"post","link":"https:\/\/www.europesays.com\/se\/121066\/","title":{"rendered":"S\u00e5 vill nye sportchefen utveckla VSK: \u201dRedan bevisat\u201d \u2013 VLT"},"content":{"rendered":"<p>Han har haft uppdraget i mindre \u00e4n ett dygn (ett hektiskt s\u00e5dant). <\/p>\n<p>Men Billy Magnusson vill tydligg\u00f6ra att han \u00e4r i VSK f\u00f6r att bygga en trupp, och en klubb, som h\u00e5ller sig kvar i allsvenskan. <\/p>\n<p>\u2013 F\u00f6r mig handlar det inte om att v\u00e4nda uppochner p\u00e5 saker, s\u00e4ger han till VLT. <\/p>\n<p>\u201dJag \u00e4r lite tr\u00f6tt\u201d. <\/p>\n<p>Tekniskt fel<\/p>\n<p class=\"message__text txt-ui txt-ui-2\">V\u00e4nligen f\u00f6rs\u00f6k igen senare.<\/p>\n<p>Den h\u00e4r artikeln \u00e4r bara f\u00f6r prenumeranter<\/p>\n<p class=\"txt-body txt-body-1\">Om du redan \u00e4r prenumerant: logga in!<\/p>\n","protected":false},"excerpt":{"rendered":"Han har haft uppdraget i mindre \u00e4n ett dygn (ett hektiskt s\u00e5dant). Men Billy Magnusson vill tydligg\u00f6ra att&hellip;\n","protected":false},"author":2,"featured_media":121067,"comment_status":"","ping_status":"","sticky":false,"template":"","format":"standard","meta":{"footnotes":""},"categories":[68],"tags":[34,111,110,31,33,32,30],"class_list":{"0":"post-121066","1":"post","2":"type-post","3":"status-publish","4":"format-standard","5":"has-post-thumbnail","7":"category-sport","8":"tag-se","9":"tag-sport","10":"tag-sports","11":"tag-svenska","12":"tag-sverige","13":"tag-sweden","14":"tag-swedish"},"share_on_mastodon":{"url":"https:\/\/pubeurope.com\/@se\/115809583269673138","error":""},"_links":{"self":[{"href":"https:\/\/www.europesays.com\/se\/wp-json\/wp\/v2\/posts\/121066","targetHints":{"allow":["GET"]}}],"collection":[{"href":"https:\/\/www.europesays.com\/se\/wp-json\/wp\/v2\/posts"}],"about":[{"href":"https:\/\/www.europesays.com\/se\/wp-json\/wp\/v2\/types\/post"}],"author":[{"embeddable":true,"href":"https:\/\/www.europesays.com\/se\/wp-json\/wp\/v2\/users\/2"}],"replies":[{"embeddable":true,"href":"https:\/\/www.europesays.com\/se\/wp-json\/wp\/v2\/comments?post=121066"}],"version-history":[{"count":0,"href":"https:\/\/www.europesays.com\/se\/wp-json\/wp\/v2\/posts\/121066\/revisions"}],"wp:featuredmedia":[{"embeddable":true,"href":"https:\/\/www.europesays.com\/se\/wp-json\/wp\/v2\/media\/121067"}],"wp:attachment":[{"href":"https:\/\/www.europesays.com\/se\/wp-json\/wp\/v2\/media?parent=121066"}],"wp:term":[{"taxonomy":"category","embeddable":true,"href":"https:\/\/www.europesays.com\/se\/wp-json\/wp\/v2\/categories?post=121066"},{"taxonomy":"post_tag","embeddable":true,"href":"https:\/\/www.europesays.com\/se\/wp-json\/wp\/v2\/tags?post=121066"}],"curies":[{"name":"wp","href":"https:\/\/api.w.org\/{rel}","templated":true}]}}