{"id":121070,"date":"2025-12-30T17:03:11","date_gmt":"2025-12-30T17:03:11","guid":{"rendered":"https:\/\/www.europesays.com\/se\/121070\/"},"modified":"2025-12-30T17:03:11","modified_gmt":"2025-12-30T17:03:11","slug":"arets-extremvader-forstarktes-av-klimatkrisen-etc-se","status":"publish","type":"post","link":"https:\/\/www.europesays.com\/se\/121070\/","title":{"rendered":"\u00c5rets extremv\u00e4der f\u00f6rst\u00e4rktes av klimatkrisen &#8211; ETC.se"},"content":{"rendered":"<ol>\n<li><a href=\"https:\/\/news.google.com\/rss\/articles\/CBMiiAFBVV95cUxNUzUySS1xdjRqTkpBV1hGaU5vaEhMc2o3UEM0MU10Y3Z5V0lvUHlRR1NTWXFMd1hfYTBzOTlmSURZZnBBdGtWM010N2JwTDhBci05bUxVd0RxdVExNWpSbUQwNkR4M0thTDNCeDdiXzRvb1FnZ2lHYkV0R2FRY2ZiaXJWQ3BfYlRN?oc=5\" target=\"_blank\" rel=\"nofollow noopener\">\u00c5rets extremv\u00e4der f\u00f6rst\u00e4rktes av klimatkrisen<\/a>&nbsp;&nbsp;ETC.se<\/li>\n<li><a href=\"https:\/\/news.google.com\/rss\/articles\/CBMihgFBVV95cUxPS3Uydnh0YnlONVh0RlB6cFJVOWZTajExZHRzRnQ1ay1Fbm52V1k2eGtrRG5zSElfeE1PY2pBdjJuT3VjQWtOZFhOdW1GcURtazJ5cXNUeWZLdDJmem56dE1qWTNUNHA0alY1akh0OFM1dTRiSmE2WTZidTZ3YWtUMlF6RU42Zw?oc=5\" target=\"_blank\" rel=\"nofollow noopener\">\u00c5rets extremv\u00e4der f\u00f6rst\u00e4rktes av klimatf\u00f6r\u00e4ndringar<\/a>&nbsp;&nbsp;SvD<\/li>\n<li><a href=\"https:\/\/news.google.com\/rss\/articles\/CBMif0FVX3lxTFBlcUh5N2l2cUZxenNSWnBlZDJHY3ozRXVIVWgwemNJS2N0M3Q4czc3R294LVlPRFFnUWI3cVFxRkVGQVhlVUVOMWVXM1JjS3JZanhLLTgza05TaTVJXzl4NnlHZlRRcENfZTFSZGRjdlVyZHpQSHNUd2gtbGF2Njg?oc=5\" target=\"_blank\" rel=\"nofollow noopener\">S\u00e5 var klimat\u00e5ret 2025 \u2013 h\u00f6r experterna<\/a>&nbsp;&nbsp;Sveriges Radio<\/li>\n<li><a href=\"https:\/\/news.google.com\/rss\/articles\/CBMinAFBVV95cUxNbG1fV2UyeVc4bjFyaEZycm5fb0dnQ2V3VTBQX2tOdm9YQ0pJTjg2TnRzaGh0cTBUYnQ0R3U0ZTc3VWlKdUdsUWFYUGRES3FhNktBQWhFLUdxUHo0Q2pyNnA2WUNrSzRjcWVGZ2FGQXg1bFBmel85SmpHOVAtc21mOTlwREhkS3lZY01wUFQ1bURHVWE0elFabEkzWWY?oc=5\" target=\"_blank\" rel=\"nofollow noopener\">De mest kostsamma klimatkatastroferna under 2025<\/a>&nbsp;&nbsp;tidningensyre.se<\/li>\n<li><a href=\"https:\/\/news.google.com\/rss\/articles\/CBMitgFBVV95cUxQMGJ0S3dTWERiSUJxM1p2T1pkQUZ5VkFyWTJvSklIeXdfUGctWS1mOGNrVHRHelZvbHR5Y01rNnVoQ2Y2QlczdU1NMzVZNExkRTFIX09PcVNtWFhfTWFwN19XdDM1YnVQQ0x6Rm5yTl9PVVQ5V0RheDJkM3pQYTluSHh1STdBc3lVNVNSRW5wdGZKLVRKZHowUHpKS19GYWRHQTVzSEZyZDAxQXFWZ3ZZRHI3bUlCUQ?oc=5\" target=\"_blank\" rel=\"nofollow noopener\">V\u00e4rmeb\u00f6ljor orsakade 24 000 d\u00f6dsfall i Europa<\/a>&nbsp;&nbsp;GP<\/li>\n<\/ol>\n","protected":false},"excerpt":{"rendered":"\u00c5rets extremv\u00e4der f\u00f6rst\u00e4rktes av klimatkrisen&nbsp;&nbsp;ETC.se \u00c5rets extremv\u00e4der f\u00f6rst\u00e4rktes av klimatf\u00f6r\u00e4ndringar&nbsp;&nbsp;SvD S\u00e5 var klimat\u00e5ret 2025 \u2013 h\u00f6r experterna&nbsp;&nbsp;Sveriges Radio&hellip;\n","protected":false},"author":2,"featured_media":121071,"comment_status":"","ping_status":"","sticky":false,"template":"","format":"standard","meta":{"footnotes":""},"categories":[12],"tags":[22,23,26,27,17,21,24,25,28,29,15,16,18,34,31,33,32,30,19,20],"class_list":{"0":"post-121070","1":"post","2":"type-post","3":"status-publish","4":"format-standard","5":"has-post-thumbnail","7":"category-sverige","8":"tag-breaking-news","9":"tag-breakingnews","10":"tag-featured-news","11":"tag-featurednews","12":"tag-headlines","13":"tag-huvudnyheter","14":"tag-latest-news","15":"tag-latestnews","16":"tag-main-news","17":"tag-mainnews","18":"tag-news","19":"tag-nyheter","20":"tag-rubriker","21":"tag-se","22":"tag-svenska","23":"tag-sverige","24":"tag-sweden","25":"tag-swedish","26":"tag-top-stories","27":"tag-topstories"},"share_on_mastodon":{"url":"https:\/\/pubeurope.com\/@se\/115809602991180792","error":""},"_links":{"self":[{"href":"https:\/\/www.europesays.com\/se\/wp-json\/wp\/v2\/posts\/121070","targetHints":{"allow":["GET"]}}],"collection":[{"href":"https:\/\/www.europesays.com\/se\/wp-json\/wp\/v2\/posts"}],"about":[{"href":"https:\/\/www.europesays.com\/se\/wp-json\/wp\/v2\/types\/post"}],"author":[{"embeddable":true,"href":"https:\/\/www.europesays.com\/se\/wp-json\/wp\/v2\/users\/2"}],"replies":[{"embeddable":true,"href":"https:\/\/www.europesays.com\/se\/wp-json\/wp\/v2\/comments?post=121070"}],"version-history":[{"count":0,"href":"https:\/\/www.europesays.com\/se\/wp-json\/wp\/v2\/posts\/121070\/revisions"}],"wp:featuredmedia":[{"embeddable":true,"href":"https:\/\/www.europesays.com\/se\/wp-json\/wp\/v2\/media\/121071"}],"wp:attachment":[{"href":"https:\/\/www.europesays.com\/se\/wp-json\/wp\/v2\/media?parent=121070"}],"wp:term":[{"taxonomy":"category","embeddable":true,"href":"https:\/\/www.europesays.com\/se\/wp-json\/wp\/v2\/categories?post=121070"},{"taxonomy":"post_tag","embeddable":true,"href":"https:\/\/www.europesays.com\/se\/wp-json\/wp\/v2\/tags?post=121070"}],"curies":[{"name":"wp","href":"https:\/\/api.w.org\/{rel}","templated":true}]}}