{"id":121074,"date":"2025-12-30T17:06:30","date_gmt":"2025-12-30T17:06:30","guid":{"rendered":"https:\/\/www.europesays.com\/se\/121074\/"},"modified":"2025-12-30T17:06:30","modified_gmt":"2025-12-30T17:06:30","slug":"officiellt-mjallby-saljer-johansson-allsvenskan","status":"publish","type":"post","link":"https:\/\/www.europesays.com\/se\/121074\/","title":{"rendered":"Officiellt: Mj\u00e4llby s\u00e4ljer Johansson &#8211; Allsvenskan"},"content":{"rendered":"<p>Det har varit p\u00e5 g\u00e5ng och nu \u00e4r dealen i hamn.<\/p>\n<p>Mj\u00e4llby s\u00e4ljer guldhj\u00e4lten Herman Johansson, 28, till FC Dallas. MLS-klubben bekr\u00e4ftar i ett uttalande att den landslagsmeriterade svensken har k\u00f6pts loss. Kontraktet str\u00e4cker sig till 2029 med option p\u00e5 ytterligare en s\u00e4song. Den enda detaljen som m\u00e5ste falla p\u00e5 plats \u00e4r att Johansson ska f\u00e5 visum.<\/p>\n<p>&#8211; Jag k\u00e4nde direkt n\u00e4r jag tr\u00e4ffade Eric Quill (huvudtr\u00e4nare) och Andre Zanotta (sportchef) att allt var p\u00e5 toppniv\u00e5, s\u00e4ger Johansson till MLS-klubbens hemsida<\/p>\n<p>Tyska Sky Sport har tidigare rapporterat om en \u00f6verg\u00e5ngssumma p\u00e5 runt 1 miljon euro plus bonusar. 1 miljon euro motsvarar n\u00e4stan 11 miljoner kronor.<\/p>\n<p>Den 28-\u00e5rige kantspringaren kom till Mj\u00e4llby fr\u00e5n Sandvikens IF inf\u00f6r s\u00e4songen 2021 och hade i grunden kontrakt \u00f6ver 2026. Han noterades f\u00f6r 136 matcher i Blekinge-klubben.<\/p>\n<p>Dallas slutade i \u00e5r p\u00e5 sjunde plats i v\u00e4stra divisionen i MLS. D\u00e4refter \u00e5kte laget ut mot Vancouver direkt i slutspelet.<\/p>\n<p>Mj\u00e4llby plockade under tisdagen in en ny h\u00f6gerspringare i form av dansken Max Nielsen.<\/p>\n","protected":false},"excerpt":{"rendered":"Det har varit p\u00e5 g\u00e5ng och nu \u00e4r dealen i hamn. Mj\u00e4llby s\u00e4ljer guldhj\u00e4lten Herman Johansson, 28, till&hellip;\n","protected":false},"author":2,"featured_media":121075,"comment_status":"","ping_status":"","sticky":false,"template":"","format":"standard","meta":{"footnotes":""},"categories":[68],"tags":[34,111,110,31,33,32,30],"class_list":{"0":"post-121074","1":"post","2":"type-post","3":"status-publish","4":"format-standard","5":"has-post-thumbnail","7":"category-sport","8":"tag-se","9":"tag-sport","10":"tag-sports","11":"tag-svenska","12":"tag-sverige","13":"tag-sweden","14":"tag-swedish"},"share_on_mastodon":{"url":"https:\/\/pubeurope.com\/@se\/115809614753168666","error":""},"_links":{"self":[{"href":"https:\/\/www.europesays.com\/se\/wp-json\/wp\/v2\/posts\/121074","targetHints":{"allow":["GET"]}}],"collection":[{"href":"https:\/\/www.europesays.com\/se\/wp-json\/wp\/v2\/posts"}],"about":[{"href":"https:\/\/www.europesays.com\/se\/wp-json\/wp\/v2\/types\/post"}],"author":[{"embeddable":true,"href":"https:\/\/www.europesays.com\/se\/wp-json\/wp\/v2\/users\/2"}],"replies":[{"embeddable":true,"href":"https:\/\/www.europesays.com\/se\/wp-json\/wp\/v2\/comments?post=121074"}],"version-history":[{"count":0,"href":"https:\/\/www.europesays.com\/se\/wp-json\/wp\/v2\/posts\/121074\/revisions"}],"wp:featuredmedia":[{"embeddable":true,"href":"https:\/\/www.europesays.com\/se\/wp-json\/wp\/v2\/media\/121075"}],"wp:attachment":[{"href":"https:\/\/www.europesays.com\/se\/wp-json\/wp\/v2\/media?parent=121074"}],"wp:term":[{"taxonomy":"category","embeddable":true,"href":"https:\/\/www.europesays.com\/se\/wp-json\/wp\/v2\/categories?post=121074"},{"taxonomy":"post_tag","embeddable":true,"href":"https:\/\/www.europesays.com\/se\/wp-json\/wp\/v2\/tags?post=121074"}],"curies":[{"name":"wp","href":"https:\/\/api.w.org\/{rel}","templated":true}]}}