{"id":121076,"date":"2025-12-30T17:09:31","date_gmt":"2025-12-30T17:09:31","guid":{"rendered":"https:\/\/www.europesays.com\/se\/121076\/"},"modified":"2025-12-30T17:09:31","modified_gmt":"2025-12-30T17:09:31","slug":"forandring-av-det-totala-antalet-aktier-och-roster-i-slp","status":"publish","type":"post","link":"https:\/\/www.europesays.com\/se\/121076\/","title":{"rendered":"F\u00f6r\u00e4ndring av det totala antalet aktier och r\u00f6ster i SLP"},"content":{"rendered":"<p>&#13;<br \/>\n                        &#13;<br \/>\n&#13;<\/p>\n<p>                                    <img decoding=\"async\" src=\"https:\/\/www.europesays.com\/se\/wp-content\/uploads\/2025\/12\/88d6842f1f19ac7e_800x800ar.jpg\"\/><br \/>\n                                &#13;<br \/>\n&#13;<\/p>\n<p><strong>Antalet aktier i Swedish Logistic Property AB (\u201dSLP\u201d) uppg\u00e5r per den 30 december 2025 till 280\u00a0204 506 aktier, f\u00f6rdelat p\u00e5 38 715 160 aktier av serie A och 241\u00a0489 346 aktier av serie B. Det totala antalet r\u00f6ster i SLP uppg\u00e5r per den 30 december 2025 till 435\u00a0065 146.<\/strong><\/p>\n<p>&#13;<\/p>\n<p style=\"margin-top:12px;\">\u00d6kningen av antalet aktier och r\u00f6ster i SLP \u00e4r f\u00f6ranledd av den riktade nyemissionen av 20 000 000 aktier av serie B som styrelsen beslutade om den 3 december 2025 med st\u00f6d av bemyndigandet fr\u00e5n \u00e5rsst\u00e4mman den 29 april 2025.<\/p>\n<p>Denna information offentligg\u00f6rs enligt 4 kap. 9 \u00a7 lagen (1991:980) om handel med finansiella instrument. Informationen l\u00e4mnades f\u00f6r offentligg\u00f6rande den 30 december 2025, kl. 18:00 CET.<\/p>\n<p>F\u00f6r ytterligare information:<br \/>Filip Persson, vd p\u00e5 SLP, telefon: 0733-27 27 57<\/p>\n<p><strong>Om SLP \u2013 Swedish Logistic Property<\/strong><\/p>\n<p>Swedish Logistic Property\u00a0\u2013 SLP \u2013\u00a0\u00e4r ett svenskt fastighetsbolag som f\u00f6rv\u00e4rvar, f\u00f6r\u00e4dlar och f\u00f6rvaltar logistikfastigheter med h\u00e5llbarhet i fokus. V\u00e4rdetillv\u00e4xt skapas genom l\u00f6pande utveckling och f\u00f6r\u00e4dling av fastigheterna, som \u00e4r bel\u00e4gna i\u00a0Sveriges\u00a0viktigaste logistikpunkter. Fastighetsbest\u00e5ndet omfattar en uthyrningsbar yta om cirka 1 500 000 kvm. SLP \u00e4r en partner som tar ansvar och d\u00e4rmed skapar\u00a0v\u00e4rden f\u00f6r s\u00e5v\u00e4l hyresg\u00e4ster som f\u00f6r bolaget och dess aktie\u00e4gare. SLP:s B-aktie \u00e4r noterad p\u00e5 Nasdaq Stockholm Mid Cap. F\u00f6r mer information om SLP:\u00a0<a href=\"https:\/\/slproperty.se\/\" rel=\"nofollow noopener\" target=\"_blank\">slproperty.se<\/a><\/p>\n<p>&#13;<br \/>\n&#13;<\/p>\n<p>Informationen \u00e4r s\u00e5dan som Swedish Logistic Property \u00e4r skyldigt att offentligg\u00f6ra enligt lagen om handel med finansiella instrument (1991:980). Informationen l\u00e4mnades, genom angiven kontaktpersons f\u00f6rsorg, f\u00f6r offentligg\u00f6rande 2025-12-30 18:00 CET.<\/p>\n<p>&#13;<br \/>\n&#13;<\/p>\n<p><strong>Taggar:<\/strong><\/p>\n<p>&#13;<br \/>\n&#13;<br \/>\n&#13;<\/p>\n","protected":false},"excerpt":{"rendered":"&#13; &#13; &#13; &#13; &#13; Antalet aktier i Swedish Logistic Property AB (\u201dSLP\u201d) uppg\u00e5r per den 30 december&hellip;\n","protected":false},"author":2,"featured_media":121077,"comment_status":"","ping_status":"","sticky":false,"template":"","format":"standard","meta":{"footnotes":""},"categories":[65],"tags":[72,70,71,34,12854,31,33,32,30],"class_list":{"0":"post-121076","1":"post","2":"type-post","3":"status-publish","4":"format-standard","5":"has-post-thumbnail","7":"category-ekonomi","8":"tag-business","9":"tag-economy","10":"tag-ekonomi","11":"tag-se","12":"tag-slp","13":"tag-svenska","14":"tag-sverige","15":"tag-sweden","16":"tag-swedish"},"share_on_mastodon":{"url":"https:\/\/pubeurope.com\/@se\/115809626558089471","error":""},"_links":{"self":[{"href":"https:\/\/www.europesays.com\/se\/wp-json\/wp\/v2\/posts\/121076","targetHints":{"allow":["GET"]}}],"collection":[{"href":"https:\/\/www.europesays.com\/se\/wp-json\/wp\/v2\/posts"}],"about":[{"href":"https:\/\/www.europesays.com\/se\/wp-json\/wp\/v2\/types\/post"}],"author":[{"embeddable":true,"href":"https:\/\/www.europesays.com\/se\/wp-json\/wp\/v2\/users\/2"}],"replies":[{"embeddable":true,"href":"https:\/\/www.europesays.com\/se\/wp-json\/wp\/v2\/comments?post=121076"}],"version-history":[{"count":0,"href":"https:\/\/www.europesays.com\/se\/wp-json\/wp\/v2\/posts\/121076\/revisions"}],"wp:featuredmedia":[{"embeddable":true,"href":"https:\/\/www.europesays.com\/se\/wp-json\/wp\/v2\/media\/121077"}],"wp:attachment":[{"href":"https:\/\/www.europesays.com\/se\/wp-json\/wp\/v2\/media?parent=121076"}],"wp:term":[{"taxonomy":"category","embeddable":true,"href":"https:\/\/www.europesays.com\/se\/wp-json\/wp\/v2\/categories?post=121076"},{"taxonomy":"post_tag","embeddable":true,"href":"https:\/\/www.europesays.com\/se\/wp-json\/wp\/v2\/tags?post=121076"}],"curies":[{"name":"wp","href":"https:\/\/api.w.org\/{rel}","templated":true}]}}