{"id":121078,"date":"2025-12-30T17:11:09","date_gmt":"2025-12-30T17:11:09","guid":{"rendered":"https:\/\/www.europesays.com\/se\/121078\/"},"modified":"2025-12-30T17:11:09","modified_gmt":"2025-12-30T17:11:09","slug":"trycket-pa-112-tredubblas-vid-nyar-i-stockholm","status":"publish","type":"post","link":"https:\/\/www.europesays.com\/se\/121078\/","title":{"rendered":"Trycket p\u00e5 112 tredubblas vid ny\u00e5r i Stockholm"},"content":{"rendered":"<p class=\"ort\">L\u00e4net<\/p>\n<p class=\"text\">\u2013 Det ser likadant ut varje \u00e5r. N\u00e5gon timme f\u00f6re midnatt blir det en f\u00f6rdubbling av antalet samtal som vi f\u00e5r, och vid midnatt handlar det i delar av landet om en tredubbling j\u00e4mf\u00f6rt med en vanlig helg, s\u00e4ger Staffan Ekengren, kommunikationschef p\u00e5 SOS Alarm, i ett pressmeddelande.<\/p>\n<p class=\"text\">Sett till hela landet \u00f6kar antalet samtal fr\u00e5n omkring 3 200 en vanlig helgkv\u00e4ll till drygt 8 000 under ny\u00e5rsnatten.<\/p>\n<p class=\"text\">\u00c4ven i Region Stockholm m\u00e4rks \u00f6kningen tydligt. F\u00f6rra ny\u00e5ret tog SOS Alarm emot 1 771 samtal fr\u00e5n l\u00e4net \u2013 en \u00f6kning med 163 procent j\u00e4mf\u00f6rt med en vanlig helgnatt, d\u00e5 snittet ligger p\u00e5 runt 672 samtal.<\/p>\n<p>M\u00e5nga on\u00f6diga samtal<\/p>\n<p class=\"text\">De flesta samtalen g\u00e4ller faktiska n\u00f6dsituationer. Det handlar bland annat om skador kopplade till ny\u00e5rsraketer, olyckor och br\u00e4nder. Men ungef\u00e4r var tredje samtal bed\u00f6ms inte handla om n\u00e5got akut hj\u00e4lpbehov.<\/p>\n<p class=\"text\">SOS Alarm uppmanar d\u00e4rf\u00f6r allm\u00e4nheten att t\u00e4nka efter.<\/p>\n<p class=\"text\">\u2013 Vi \u00e4r angel\u00e4gna om att alla som beh\u00f6ver n\u00f6dhj\u00e4lp ska kunna n\u00e5 oss s\u00e5 snabbt som m\u00f6jligt och vi har god bemanning f\u00f6r att kunna hantera toppar som dessa. Samtidigt \u00e4r det s\u00e5 att alla samtal hamnar i samma k\u00f6, vilket inneb\u00e4r att samtal utan hj\u00e4lpbehov kan stj\u00e4la tid fr\u00e5n akuta h\u00e4ndelser, s\u00e4ger Staffan Ekengren.<\/p>\n","protected":false},"excerpt":{"rendered":"L\u00e4net \u2013 Det ser likadant ut varje \u00e5r. N\u00e5gon timme f\u00f6re midnatt blir det en f\u00f6rdubbling av antalet&hellip;\n","protected":false},"author":2,"featured_media":121079,"comment_status":"","ping_status":"","sticky":false,"template":"","format":"standard","meta":{"footnotes":""},"categories":[12],"tags":[22,23,26,27,17,21,24,25,28,29,15,16,18,34,31,33,32,30,19,20],"class_list":{"0":"post-121078","1":"post","2":"type-post","3":"status-publish","4":"format-standard","5":"has-post-thumbnail","7":"category-sverige","8":"tag-breaking-news","9":"tag-breakingnews","10":"tag-featured-news","11":"tag-featurednews","12":"tag-headlines","13":"tag-huvudnyheter","14":"tag-latest-news","15":"tag-latestnews","16":"tag-main-news","17":"tag-mainnews","18":"tag-news","19":"tag-nyheter","20":"tag-rubriker","21":"tag-se","22":"tag-svenska","23":"tag-sverige","24":"tag-sweden","25":"tag-swedish","26":"tag-top-stories","27":"tag-topstories"},"share_on_mastodon":{"url":"https:\/\/pubeurope.com\/@se\/115809634412101612","error":""},"_links":{"self":[{"href":"https:\/\/www.europesays.com\/se\/wp-json\/wp\/v2\/posts\/121078","targetHints":{"allow":["GET"]}}],"collection":[{"href":"https:\/\/www.europesays.com\/se\/wp-json\/wp\/v2\/posts"}],"about":[{"href":"https:\/\/www.europesays.com\/se\/wp-json\/wp\/v2\/types\/post"}],"author":[{"embeddable":true,"href":"https:\/\/www.europesays.com\/se\/wp-json\/wp\/v2\/users\/2"}],"replies":[{"embeddable":true,"href":"https:\/\/www.europesays.com\/se\/wp-json\/wp\/v2\/comments?post=121078"}],"version-history":[{"count":0,"href":"https:\/\/www.europesays.com\/se\/wp-json\/wp\/v2\/posts\/121078\/revisions"}],"wp:featuredmedia":[{"embeddable":true,"href":"https:\/\/www.europesays.com\/se\/wp-json\/wp\/v2\/media\/121079"}],"wp:attachment":[{"href":"https:\/\/www.europesays.com\/se\/wp-json\/wp\/v2\/media?parent=121078"}],"wp:term":[{"taxonomy":"category","embeddable":true,"href":"https:\/\/www.europesays.com\/se\/wp-json\/wp\/v2\/categories?post=121078"},{"taxonomy":"post_tag","embeddable":true,"href":"https:\/\/www.europesays.com\/se\/wp-json\/wp\/v2\/tags?post=121078"}],"curies":[{"name":"wp","href":"https:\/\/api.w.org\/{rel}","templated":true}]}}