{"id":121080,"date":"2025-12-30T17:12:23","date_gmt":"2025-12-30T17:12:23","guid":{"rendered":"https:\/\/www.europesays.com\/se\/121080\/"},"modified":"2025-12-30T17:12:23","modified_gmt":"2025-12-30T17:12:23","slug":"ukraina-evakuerar-samhallen-i-norr","status":"publish","type":"post","link":"https:\/\/www.europesays.com\/se\/121080\/","title":{"rendered":"Ukraina evakuerar samh\u00e4llen i norr"},"content":{"rendered":"<p>share-arrowDela<\/p>\n<p>unsaveSpara<\/p>\n<p class=\"hyperion-css-1v9qo5x\">Ukraina har beordrat evakuering av mer \u00e4n tolv mindre samh\u00e4llen i landets nordligaste region Tjernihiv, mot gr\u00e4nsen till Belarus.<\/p>\n<p class=\"hyperion-css-1v9qo5x\">Omr\u00e5det har varit f\u00f6rem\u00e5l f\u00f6r ryska anfall.<\/p>\n<p class=\"hyperion-css-1v9qo5x\">\u2013 F\u00f6rsvarsr\u00e5det fattade beslut om obligatorisk evakuering fr\u00e5n 14 gr\u00e4nsbyar. Omr\u00e5det uts\u00e4tts f\u00f6r dagliga beskjutningar. Trots det reella hotet bor fortfarande 300 personer d\u00e4r, s\u00e4ger regionsledaren Vjatjeslav Tjaus.<\/p>\n","protected":false},"excerpt":{"rendered":"share-arrowDela unsaveSpara Ukraina har beordrat evakuering av mer \u00e4n tolv mindre samh\u00e4llen i landets nordligaste region Tjernihiv, mot&hellip;\n","protected":false},"author":2,"featured_media":465,"comment_status":"","ping_status":"","sticky":false,"template":"","format":"standard","meta":{"footnotes":""},"categories":[5],"tags":[22,23,26,27,17,21,24,25,28,29,15,16,18,34,31,33,32,30,19,20],"class_list":{"0":"post-121080","1":"post","2":"type-post","3":"status-publish","4":"format-standard","5":"has-post-thumbnail","7":"category-rubriker","8":"tag-breaking-news","9":"tag-breakingnews","10":"tag-featured-news","11":"tag-featurednews","12":"tag-headlines","13":"tag-huvudnyheter","14":"tag-latest-news","15":"tag-latestnews","16":"tag-main-news","17":"tag-mainnews","18":"tag-news","19":"tag-nyheter","20":"tag-rubriker","21":"tag-se","22":"tag-svenska","23":"tag-sverige","24":"tag-sweden","25":"tag-swedish","26":"tag-top-stories","27":"tag-topstories"},"share_on_mastodon":{"url":"https:\/\/pubeurope.com\/@se\/115809638286966455","error":""},"_links":{"self":[{"href":"https:\/\/www.europesays.com\/se\/wp-json\/wp\/v2\/posts\/121080","targetHints":{"allow":["GET"]}}],"collection":[{"href":"https:\/\/www.europesays.com\/se\/wp-json\/wp\/v2\/posts"}],"about":[{"href":"https:\/\/www.europesays.com\/se\/wp-json\/wp\/v2\/types\/post"}],"author":[{"embeddable":true,"href":"https:\/\/www.europesays.com\/se\/wp-json\/wp\/v2\/users\/2"}],"replies":[{"embeddable":true,"href":"https:\/\/www.europesays.com\/se\/wp-json\/wp\/v2\/comments?post=121080"}],"version-history":[{"count":0,"href":"https:\/\/www.europesays.com\/se\/wp-json\/wp\/v2\/posts\/121080\/revisions"}],"wp:featuredmedia":[{"embeddable":true,"href":"https:\/\/www.europesays.com\/se\/wp-json\/wp\/v2\/media\/465"}],"wp:attachment":[{"href":"https:\/\/www.europesays.com\/se\/wp-json\/wp\/v2\/media?parent=121080"}],"wp:term":[{"taxonomy":"category","embeddable":true,"href":"https:\/\/www.europesays.com\/se\/wp-json\/wp\/v2\/categories?post=121080"},{"taxonomy":"post_tag","embeddable":true,"href":"https:\/\/www.europesays.com\/se\/wp-json\/wp\/v2\/tags?post=121080"}],"curies":[{"name":"wp","href":"https:\/\/api.w.org\/{rel}","templated":true}]}}