{"id":121081,"date":"2025-12-30T17:14:29","date_gmt":"2025-12-30T17:14:29","guid":{"rendered":"https:\/\/www.europesays.com\/se\/121081\/"},"modified":"2025-12-30T17:14:29","modified_gmt":"2025-12-30T17:14:29","slug":"beskedet-de-far-shl-chans-igen","status":"publish","type":"post","link":"https:\/\/www.europesays.com\/se\/121081\/","title":{"rendered":"Beskedet: De f\u00e5r SHL-chans \u2013 igen"},"content":{"rendered":"<p><strong>HV71 dras fortfarande med en l\u00e5ng fr\u00e5nvarolista.<br \/>D\u00e5 l\u00e5nar klubben in b\u00e5de Hampus Karlsson och Arvid Degerstedt igen.<\/strong><\/p>\n<p><img loading=\"lazy\" decoding=\"async\" width=\"1024\" height=\"658\" src=\"https:\/\/www.europesays.com\/se\/wp-content\/uploads\/2025\/12\/HV1230-1024x658.webp.webp\" alt=\"\" class=\"wp-image-340370\"  \/>Arvid Degerstedt och Hampus Karlsson l\u00e5nas in av HV71.<br \/><strong>Foto:<\/strong> Bildbyr\u00e5n<\/p>\n<p><a href=\"https:\/\/hockeysverige.se\/spelare\/arvid-degerstedt\/\" rel=\"nofollow noopener\" target=\"_blank\">Arvid Degerstedt<\/a> spelade <a href=\"https:\/\/hockeysverige.se\/klubb\/hv71\/\" rel=\"nofollow noopener\" target=\"_blank\">HV71<\/a>:s match mot <a href=\"https:\/\/hockeysverige.se\/klubb\/orebro-hockey\/\" rel=\"nofollow noopener\" target=\"_blank\">\u00d6rebro<\/a> p\u00e5 annandagen och Hampus Karlsson har spelade mot <a href=\"https:\/\/hockeysverige.se\/klubb\/djurgardens-if-hockey\/\" rel=\"nofollow noopener\" target=\"_blank\">Djurg\u00e5rden<\/a> innan jul. Nu l\u00e5nas forwardsspelarna in av <a href=\"https:\/\/hockeysverige.se\/shl\/\" rel=\"nofollow noopener\" target=\"_blank\">SHL<\/a>-laget p\u00e5 nytt.<\/p>\n<p><a href=\"https:\/\/www.hv71.se\/article\/n76at82-3iaijd\/view\" rel=\"nofollow noopener\" target=\"_blank\">Via sin hemsida<\/a> meddelar HV71 att Degerstedt och Karlsson l\u00e5nas in fr\u00e5n Mora respektive Oskarshamn till kv\u00e4llens hemmamatch mot Malm\u00f6 till f\u00f6ljd av klubbens r\u00e5dande skadel\u00e4ge.<\/p>\n<p>Tredje korttidsl\u00e5net i HV71<\/p>\n<p>I 5\u20132-segern mot Djurg\u00e5rden spelade Karlsson drygt nio minuter och l\u00e4mnade isen po\u00e4ngl\u00f6s, medan Degerstedt spelade 16 och en halv minut i 7\u20134-segern mot \u00d6rebro p\u00e5 annandagen.<\/p>\n<p>F\u00f6r Karlsson blir detta tredje g\u00e5ngen han l\u00e5nas in p\u00e5 ett korttidsl\u00e5n i HV71, d\u00e5 han f\u00f6rutom matchen innan jul mot Djurg\u00e5rden \u00e4ven l\u00e5nades in i en match mot V\u00e4xj\u00f6 f\u00f6rra s\u00e4songen. 24-\u00e5ringen l\u00e5nades under fjol\u00e5rss\u00e4songen \u00e4ven in en match av Skellefte\u00e5. <\/p>\n<p>Skadel\u00e4get ljusnar f\u00f6r HV71<\/p>\n<p>HV71 har dragits med en omfattande fr\u00e5nvarolista den senaste tiden, men <a href=\"https:\/\/hockeysverige.se\/shl\/hv71-skador-borgman-dichow-stal-lyrenas-luoto\/\" rel=\"nofollow noopener\" target=\"_blank\">l\u00e4get verkar ljusna<\/a>. I g\u00e5r ber\u00e4ttade naprapaten Patrick H\u00e4ggstr\u00f6m f\u00f6r <a href=\"https:\/\/www.jp.se\/2025-12-29\/beskedet-om-stjarnorna-finns-en-chans\/\" rel=\"nofollow noopener\" target=\"_blank\">J\u00f6nk\u00f6pings-Posten<\/a> att det finns f\u00f6rhoppningar att b\u00e5de Andreas Borgman och Oskar St\u00e5l Lyren\u00e4s ska kunna vara tillbaka i spel under veckan. \u00c4ven Joona Luoto tr\u00e4nade med laget under m\u00e5ndagens tr\u00e4ning, likas\u00e5 Frederik Dichow som skulle kunna vara aktuell f\u00f6r spel i helgens match mot Leksand.<\/p>\n<p>P\u00e5 fr\u00e5nvarolistan i senaste matchen mot R\u00f6gle fanns, f\u00f6rutom ovan n\u00e4mnda spelare, \u00e4ven Santeri Hatakka, Karl Annborn, Jamiro Reber, Hampus Eriksson, Isac Br\u00e4nnstr\u00f6m och Aleksi Heponiemi.<\/p>\n<p> Source: <a href=\"https:\/\/www.eliteprospects.com\/league\/shl\" target=\"_blank\" rel=\"noopener noreferrer nofollow\">SHL League Page<\/a> @ Elite Prospects<\/p>\n","protected":false},"excerpt":{"rendered":"HV71 dras fortfarande med en l\u00e5ng fr\u00e5nvarolista.D\u00e5 l\u00e5nar klubben in b\u00e5de Hampus Karlsson och Arvid Degerstedt igen. Arvid&hellip;\n","protected":false},"author":2,"featured_media":121082,"comment_status":"","ping_status":"","sticky":false,"template":"","format":"standard","meta":{"footnotes":""},"categories":[68],"tags":[34,133,134,111,110,31,33,32,30],"class_list":{"0":"post-121081","1":"post","2":"type-post","3":"status-publish","4":"format-standard","5":"has-post-thumbnail","7":"category-sport","8":"tag-se","9":"tag-second-news","10":"tag-shl","11":"tag-sport","12":"tag-sports","13":"tag-svenska","14":"tag-sverige","15":"tag-sweden","16":"tag-swedish"},"share_on_mastodon":{"url":"https:\/\/pubeurope.com\/@se\/115809646225236550","error":""},"_links":{"self":[{"href":"https:\/\/www.europesays.com\/se\/wp-json\/wp\/v2\/posts\/121081","targetHints":{"allow":["GET"]}}],"collection":[{"href":"https:\/\/www.europesays.com\/se\/wp-json\/wp\/v2\/posts"}],"about":[{"href":"https:\/\/www.europesays.com\/se\/wp-json\/wp\/v2\/types\/post"}],"author":[{"embeddable":true,"href":"https:\/\/www.europesays.com\/se\/wp-json\/wp\/v2\/users\/2"}],"replies":[{"embeddable":true,"href":"https:\/\/www.europesays.com\/se\/wp-json\/wp\/v2\/comments?post=121081"}],"version-history":[{"count":0,"href":"https:\/\/www.europesays.com\/se\/wp-json\/wp\/v2\/posts\/121081\/revisions"}],"wp:featuredmedia":[{"embeddable":true,"href":"https:\/\/www.europesays.com\/se\/wp-json\/wp\/v2\/media\/121082"}],"wp:attachment":[{"href":"https:\/\/www.europesays.com\/se\/wp-json\/wp\/v2\/media?parent=121081"}],"wp:term":[{"taxonomy":"category","embeddable":true,"href":"https:\/\/www.europesays.com\/se\/wp-json\/wp\/v2\/categories?post=121081"},{"taxonomy":"post_tag","embeddable":true,"href":"https:\/\/www.europesays.com\/se\/wp-json\/wp\/v2\/tags?post=121081"}],"curies":[{"name":"wp","href":"https:\/\/api.w.org\/{rel}","templated":true}]}}