{"id":121083,"date":"2025-12-30T17:17:16","date_gmt":"2025-12-30T17:17:16","guid":{"rendered":"https:\/\/www.europesays.com\/se\/121083\/"},"modified":"2025-12-30T17:17:16","modified_gmt":"2025-12-30T17:17:16","slug":"ostgotatrafiken-forlanger-2-for-1-erbjudande-under-2026","status":"publish","type":"post","link":"https:\/\/www.europesays.com\/se\/121083\/","title":{"rendered":"\u00d6stg\u00f6tatrafiken f\u00f6rl\u00e4nger 2 f\u00f6r 1-erbjudande under 2026"},"content":{"rendered":"<p>Erbjudandet g\u00f6r det m\u00f6jligt f\u00f6r resen\u00e4rer med 30- eller 365-dagarsbiljett att ta med en medresen\u00e4r utan extra kostnad p\u00e5 l\u00f6rdagar, s\u00f6ndagar och helgdagar.Detta inf\u00f6rdes f\u00f6r drygt ett \u00e5r sedan och har enligt \u00d6stg\u00f6tatrafiken anv\u00e4nts flitigt.\u00a0En unders\u00f6kning visar att 30 procent av de som rest som medresen\u00e4r annars skulle ha valt bilen. Flera uppger ocks\u00e5 att erbjudandet<\/p>\n","protected":false},"excerpt":{"rendered":"Erbjudandet g\u00f6r det m\u00f6jligt f\u00f6r resen\u00e4rer med 30- eller 365-dagarsbiljett att ta med en medresen\u00e4r utan extra kostnad&hellip;\n","protected":false},"author":2,"featured_media":121084,"comment_status":"","ping_status":"","sticky":false,"template":"","format":"standard","meta":{"footnotes":""},"categories":[65],"tags":[72,70,71,34,31,33,32,30],"class_list":{"0":"post-121083","1":"post","2":"type-post","3":"status-publish","4":"format-standard","5":"has-post-thumbnail","7":"category-ekonomi","8":"tag-business","9":"tag-economy","10":"tag-ekonomi","11":"tag-se","12":"tag-svenska","13":"tag-sverige","14":"tag-sweden","15":"tag-swedish"},"share_on_mastodon":{"url":"https:\/\/pubeurope.com\/@se\/115809658025778453","error":""},"_links":{"self":[{"href":"https:\/\/www.europesays.com\/se\/wp-json\/wp\/v2\/posts\/121083","targetHints":{"allow":["GET"]}}],"collection":[{"href":"https:\/\/www.europesays.com\/se\/wp-json\/wp\/v2\/posts"}],"about":[{"href":"https:\/\/www.europesays.com\/se\/wp-json\/wp\/v2\/types\/post"}],"author":[{"embeddable":true,"href":"https:\/\/www.europesays.com\/se\/wp-json\/wp\/v2\/users\/2"}],"replies":[{"embeddable":true,"href":"https:\/\/www.europesays.com\/se\/wp-json\/wp\/v2\/comments?post=121083"}],"version-history":[{"count":0,"href":"https:\/\/www.europesays.com\/se\/wp-json\/wp\/v2\/posts\/121083\/revisions"}],"wp:featuredmedia":[{"embeddable":true,"href":"https:\/\/www.europesays.com\/se\/wp-json\/wp\/v2\/media\/121084"}],"wp:attachment":[{"href":"https:\/\/www.europesays.com\/se\/wp-json\/wp\/v2\/media?parent=121083"}],"wp:term":[{"taxonomy":"category","embeddable":true,"href":"https:\/\/www.europesays.com\/se\/wp-json\/wp\/v2\/categories?post=121083"},{"taxonomy":"post_tag","embeddable":true,"href":"https:\/\/www.europesays.com\/se\/wp-json\/wp\/v2\/tags?post=121083"}],"curies":[{"name":"wp","href":"https:\/\/api.w.org\/{rel}","templated":true}]}}