{"id":121087,"date":"2025-12-30T17:19:24","date_gmt":"2025-12-30T17:19:24","guid":{"rendered":"https:\/\/www.europesays.com\/se\/121087\/"},"modified":"2025-12-30T17:19:24","modified_gmt":"2025-12-30T17:19:24","slug":"besvikelse-bland-djuragare-efter-stoppad-vargjakt-i-orebro-lan","status":"publish","type":"post","link":"https:\/\/www.europesays.com\/se\/121087\/","title":{"rendered":"Besvikelse bland djur\u00e4gare efter stoppad vargjakt i \u00d6rebro l\u00e4n"},"content":{"rendered":"<p>                    <a data-lightbox=\"post-97074\" href=\"https:\/\/www.jaktojagare.se\/wp-content\/uploads\/2025\/12\/varg3.jpg\" data-title=\"Foto: Mostphotos&lt;br\/&gt;Utebliven vargjakt riskerar att bli m\u00e5nga tamdjurs\u00e4gares sorg.\" rel=\"nofollow noopener\" target=\"_blank\"><br \/>\n                        <img width=\"1280\" height=\"720\" src=\"https:\/\/www.europesays.com\/se\/wp-content\/uploads\/2025\/12\/varg3-1280x720.jpg\" class=\"attachment-large size-large\" alt=\"\" decoding=\"async\" fetchpriority=\"high\"   itemprop=\"image\"\/>                    <\/a><\/p>\n<p>\n                        Foto: Mostphotos<br \/>\n                        Utebliven vargjakt riskerar att bli m\u00e5nga tamdjurs\u00e4gares sorg.\n                    <\/p>\n<p>Uppdaterad 2025-12-29 23:15Publicerad 2025-12-28 19:40<\/p>\n<p>Beskedet om att licensjakten p\u00e5 varg st\u00e4lls in 2026 v\u00e4cker stark besvikelse bland tamdjurs\u00e4gare. Flera f\u00e5r\u00e4gare \u00f6verv\u00e4ger nu att l\u00e4gga ned sin verksamhet, enligt Gudrun Haglund Eriksson, ordf\u00f6rande i \u00d6rebro l\u00e4ns f\u00e5ravelsf\u00f6rening.<\/p>\n<p>Regeringen har tidigare meddelat att gr\u00e4nsen f\u00f6r gynnsam bevarandestatus f\u00f6r varg ska s\u00e4nkas fr\u00e5n 300 till 170 individer. Beslutet \u00f6verklagades bland annat av Rovdjursf\u00f6reningen, som fick geh\u00f6r i F\u00f6rvaltningsr\u00e4tten. Domstolens beslut inneb\u00e4r att all licensjakt p\u00e5 varg stoppas under 2026.<\/p>\n<p>I \u00d6rebro l\u00e4n fanns planer p\u00e5 att f\u00e4lla 18 vargar med start den 2 januari, men jakten blir nu inte av.<\/p>\n<p>B\u00e5de Naturskyddsf\u00f6reningen och EU-kommissionen har dessutom ifr\u00e5gasatt l\u00e4nsstyrelsens underlag och menar att rapporten inte \u00e4r tillr\u00e4ckligt vetenskapligt f\u00f6rankrad.<\/p>\n<p>Droppen som f\u00e5r b\u00e4garen att rinna \u00f6ver<\/p>\n<p>Gudrun Haglund Eriksson, ordf\u00f6rande i \u00d6rebro l\u00e4ns f\u00e5ravelsf\u00f6rening och f\u00e5r\u00e4gare, \u00e4r en av dem som reagerar starkt p\u00e5 beslutet. Hon menar att vargens n\u00e4rvaro bidrar till att allt fler djur\u00e4gare tvekar inf\u00f6r att forts\u00e4tta med betesdrift.<\/p>\n<p>\u2013 Vi m\u00e5ste kunna ha v\u00e5ra betande djur ute p\u00e5 sommaren. Snart \u00e4r det s\u00e5 att folk inte v\u00e5gar ha djur alls. Det \u00e4r inte bara vargens fel, men den blir droppen som f\u00e5r b\u00e4garen att rinna \u00f6ver, s\u00e4ger hon till <a href=\"https:\/\/www.svt.se\/nyheter\/lokalt\/orebro\/besvikelse-bland-tamdjursagare-over-installd-vargjakt-i-orebro-lan\" target=\"_blank\" rel=\"noopener nofollow\">SVT Nyheter.<\/a><\/p>\n","protected":false},"excerpt":{"rendered":"Foto: Mostphotos Utebliven vargjakt riskerar att bli m\u00e5nga tamdjurs\u00e4gares sorg. Uppdaterad 2025-12-29 23:15Publicerad 2025-12-28 19:40 Beskedet om att&hellip;\n","protected":false},"author":2,"featured_media":121088,"comment_status":"","ping_status":"","sticky":false,"template":"","format":"standard","meta":{"footnotes":""},"categories":[12],"tags":[22,23,26,27,17,21,24,25,28,29,15,16,18,34,31,33,32,30,19,20],"class_list":{"0":"post-121087","1":"post","2":"type-post","3":"status-publish","4":"format-standard","5":"has-post-thumbnail","7":"category-sverige","8":"tag-breaking-news","9":"tag-breakingnews","10":"tag-featured-news","11":"tag-featurednews","12":"tag-headlines","13":"tag-huvudnyheter","14":"tag-latest-news","15":"tag-latestnews","16":"tag-main-news","17":"tag-mainnews","18":"tag-news","19":"tag-nyheter","20":"tag-rubriker","21":"tag-se","22":"tag-svenska","23":"tag-sverige","24":"tag-sweden","25":"tag-swedish","26":"tag-top-stories","27":"tag-topstories"},"share_on_mastodon":{"url":"https:\/\/pubeurope.com\/@se\/115809666054897441","error":""},"_links":{"self":[{"href":"https:\/\/www.europesays.com\/se\/wp-json\/wp\/v2\/posts\/121087","targetHints":{"allow":["GET"]}}],"collection":[{"href":"https:\/\/www.europesays.com\/se\/wp-json\/wp\/v2\/posts"}],"about":[{"href":"https:\/\/www.europesays.com\/se\/wp-json\/wp\/v2\/types\/post"}],"author":[{"embeddable":true,"href":"https:\/\/www.europesays.com\/se\/wp-json\/wp\/v2\/users\/2"}],"replies":[{"embeddable":true,"href":"https:\/\/www.europesays.com\/se\/wp-json\/wp\/v2\/comments?post=121087"}],"version-history":[{"count":0,"href":"https:\/\/www.europesays.com\/se\/wp-json\/wp\/v2\/posts\/121087\/revisions"}],"wp:featuredmedia":[{"embeddable":true,"href":"https:\/\/www.europesays.com\/se\/wp-json\/wp\/v2\/media\/121088"}],"wp:attachment":[{"href":"https:\/\/www.europesays.com\/se\/wp-json\/wp\/v2\/media?parent=121087"}],"wp:term":[{"taxonomy":"category","embeddable":true,"href":"https:\/\/www.europesays.com\/se\/wp-json\/wp\/v2\/categories?post=121087"},{"taxonomy":"post_tag","embeddable":true,"href":"https:\/\/www.europesays.com\/se\/wp-json\/wp\/v2\/tags?post=121087"}],"curies":[{"name":"wp","href":"https:\/\/api.w.org\/{rel}","templated":true}]}}