{"id":121095,"date":"2025-12-30T17:28:08","date_gmt":"2025-12-30T17:28:08","guid":{"rendered":"https:\/\/www.europesays.com\/se\/121095\/"},"modified":"2025-12-30T17:28:08","modified_gmt":"2025-12-30T17:28:08","slug":"herman-johansson-klar-for-fc-dallas","status":"publish","type":"post","link":"https:\/\/www.europesays.com\/se\/121095\/","title":{"rendered":"Herman Johansson klar f\u00f6r FC Dallas"},"content":{"rendered":"<p><a data-test-tag=\"internal-link\" href=\"https:\/\/www.aftonbladet.se\/av\/makoto-asahara\" class=\"hyperion-css-13ns1rr\" rel=\"nofollow noopener\" target=\"\" aria-label=\"Se alla artiklar av Makoto Asahara\"><img decoding=\"async\" class=\"image-asset hyperion-css-n6kkq1\" data-test-tag=\"image-asset\" src=\"https:\/\/www.europesays.com\/se\/wp-content\/uploads\/2025\/12\/1767115688_863_d489d8e9-feec-41cf-aec5-f7f6eb5fd94e.png\"  alt=\"\"  loading=\"lazy\" fetchpriority=\"auto\" style=\"aspect-ratio:1900 \/ 1900\"\/><\/a><\/p>\n<p class=\"boxtextgrotesk-root_baa6 hyperion-css-1w346fg\">Uppdaterad 17.22 | Publicerad 17.19<\/p>\n<p>share-arrowDela<\/p>\n<p>unsaveSpara<\/p>\n<p>expand-left<\/p>\n<p>helsk\u00e4rm<img decoding=\"async\" class=\"image-asset hyperion-css-u06ts1\" data-test-tag=\"image-asset\" src=\"https:\/\/www.europesays.com\/se\/wp-content\/uploads\/2025\/12\/c793d0b6-e000-44c9-8c0f-fcec6209be95.jpeg\"  alt=\"Herman Johansson.\"  loading=\"eager\" fetchpriority=\"high\" style=\"aspect-ratio:1900 \/ 1267\"\/>Herman Johansson. Foto: Carl Sandin \/ Bildbyr\u00e5n<\/p>\n<p class=\"hyperion-css-1shl3oz\" data-test-tag=\"lead-text\">Mj\u00e4llby har s\u00e5lt en av sina guldhj\u00e4ltar.<\/p>\n<p class=\"hyperion-css-1shl3oz\" data-test-tag=\"lead-text\">Herman Johansson, 28, har presenterats av MLS-klubben FC Dallas.<\/p>\n<p class=\"hyperion-css-1v9qo5x\"><a data-test-tag=\"internal-link\" href=\"https:\/\/www.aftonbladet.se\/tagg\/herman-johansson\" class=\"hyperion-css-15jkft9\" rel=\"nofollow noopener\" target=\"\" aria-label=\"Herman Johansson\" theme=\"sportbladet\">Herman Johansson<\/a> var en av Mj\u00e4llby AIF:s mest framst\u00e5ende spelare under det allsvenska guld\u00e5ret 2025, n\u00e4r han stod f\u00f6r hela sju m\u00e5l och elva assist fr\u00e5n sin wingbackposition p\u00e5 h\u00f6gerkanten.<\/p>\n<p class=\"hyperion-css-1v9qo5x\">Nu st\u00e5r det klart att han l\u00e4mnar allsvenskan f\u00f6r USA.<\/p>\n<p class=\"hyperion-css-1v9qo5x\">Under tisdagen offentligg\u00f6r MLS-klubben FC Dallas att man gjort klart med svensken.<\/p>\n<p>\u201dVill visa all min passion och gl\u00e4dje\u201d<\/p>\n<p class=\"hyperion-css-1v9qo5x\">\u2013 Jag k\u00e4nde direkt, n\u00e4r jag m\u00f6tte Eric Quill och Andre Zanotta (klubbens sportsliga ledning) att allt var p\u00e5 toppniv\u00e5. De k\u00e4ndes v\u00e4ldigt t\u00e4vlingsinriktade och drivna att vinna, och det \u00e4r \u00e4ven s\u00e5 jag k\u00e4nner. Jag vill ge FC Dallas-fansen fantastiska \u00f6gonblick och visa all min passion och gl\u00e4dje p\u00e5 planen, s\u00e4ger 28-\u00e5ringen till klubbens webbplats.<\/p>\n<p class=\"hyperion-css-1v9qo5x\">Om man ska utg\u00e5 fr\u00e5n tidigare medierapporter, n\u00e4rmare best\u00e4mt fr\u00e5n tyska Sky Sports, landar \u00f6verg\u00e5ngssumman p\u00e5 cirka 11 miljoner kronor.<\/p>\n","protected":false},"excerpt":{"rendered":"Uppdaterad 17.22 | Publicerad 17.19 share-arrowDela unsaveSpara expand-left helsk\u00e4rmHerman Johansson. Foto: Carl Sandin \/ Bildbyr\u00e5n Mj\u00e4llby har s\u00e5lt&hellip;\n","protected":false},"author":2,"featured_media":121096,"comment_status":"","ping_status":"","sticky":false,"template":"","format":"standard","meta":{"footnotes":""},"categories":[5],"tags":[22,23,26,27,17,21,24,25,28,29,15,16,18,34,31,33,32,30,19,20],"class_list":{"0":"post-121095","1":"post","2":"type-post","3":"status-publish","4":"format-standard","5":"has-post-thumbnail","7":"category-rubriker","8":"tag-breaking-news","9":"tag-breakingnews","10":"tag-featured-news","11":"tag-featurednews","12":"tag-headlines","13":"tag-huvudnyheter","14":"tag-latest-news","15":"tag-latestnews","16":"tag-main-news","17":"tag-mainnews","18":"tag-news","19":"tag-nyheter","20":"tag-rubriker","21":"tag-se","22":"tag-svenska","23":"tag-sverige","24":"tag-sweden","25":"tag-swedish","26":"tag-top-stories","27":"tag-topstories"},"share_on_mastodon":{"url":"https:\/\/pubeurope.com\/@se\/115809701242170724","error":""},"_links":{"self":[{"href":"https:\/\/www.europesays.com\/se\/wp-json\/wp\/v2\/posts\/121095","targetHints":{"allow":["GET"]}}],"collection":[{"href":"https:\/\/www.europesays.com\/se\/wp-json\/wp\/v2\/posts"}],"about":[{"href":"https:\/\/www.europesays.com\/se\/wp-json\/wp\/v2\/types\/post"}],"author":[{"embeddable":true,"href":"https:\/\/www.europesays.com\/se\/wp-json\/wp\/v2\/users\/2"}],"replies":[{"embeddable":true,"href":"https:\/\/www.europesays.com\/se\/wp-json\/wp\/v2\/comments?post=121095"}],"version-history":[{"count":0,"href":"https:\/\/www.europesays.com\/se\/wp-json\/wp\/v2\/posts\/121095\/revisions"}],"wp:featuredmedia":[{"embeddable":true,"href":"https:\/\/www.europesays.com\/se\/wp-json\/wp\/v2\/media\/121096"}],"wp:attachment":[{"href":"https:\/\/www.europesays.com\/se\/wp-json\/wp\/v2\/media?parent=121095"}],"wp:term":[{"taxonomy":"category","embeddable":true,"href":"https:\/\/www.europesays.com\/se\/wp-json\/wp\/v2\/categories?post=121095"},{"taxonomy":"post_tag","embeddable":true,"href":"https:\/\/www.europesays.com\/se\/wp-json\/wp\/v2\/tags?post=121095"}],"curies":[{"name":"wp","href":"https:\/\/api.w.org\/{rel}","templated":true}]}}