{"id":121101,"date":"2025-12-30T17:37:18","date_gmt":"2025-12-30T17:37:18","guid":{"rendered":"https:\/\/www.europesays.com\/se\/121101\/"},"modified":"2025-12-30T17:37:18","modified_gmt":"2025-12-30T17:37:18","slug":"chefen-for-elnat-om-stormen-varsta-som-hant-i-falun-nagonsin","status":"publish","type":"post","link":"https:\/\/www.europesays.com\/se\/121101\/","title":{"rendered":"Chefen f\u00f6r eln\u00e4t om stormen: \u201dV\u00e4rsta som h\u00e4nt i Falun n\u00e5gonsin\u201d"},"content":{"rendered":"<p>P\u00e5 grund av l\u00e5ngvariga elavbrott har Falu kommunen \u00f6ppnat tre trygghetspunkter, och R\u00e4ttviks kommun en informationspunkt. P\u00e5 trygghetspunkterna kan man v\u00e4rma sig, f\u00e5 varm dryck, ladda mobiltelefonen och f\u00e5 information om elavbrotten.<\/p>\n<p><strong>Trygghetspunkter i Falu kommun <\/strong>(\u00f6ppet 10.00-18.00 tills elen \u00e4r tillbaka)<\/p>\n<ul>\n<li>Svartn\u00e4s bygdeg\u00e5rd<\/li>\n<li>Envikens skola<\/li>\n<li>Bjurs\u00e5sskolan<\/li>\n<\/ul>\n<p><strong>Informationspunkt i R\u00e4ttviks kommun: <\/strong><\/p>\n<ul>\n<li>Bingsj\u00f6 Bystuga (h\u00e4r finns en RAKEL\u2011n\u00f6dtelefon f\u00f6r personer som inte kan ringa sj\u00e4lva p\u00e5 grund av str\u00f6mavbrottet eller bristande mobilt\u00e4ckning)<\/li>\n<\/ul>\n<p>K\u00e4lla: Falun kommun, och R\u00e4ttviks kommun<\/p>\n","protected":false},"excerpt":{"rendered":"P\u00e5 grund av l\u00e5ngvariga elavbrott har Falu kommunen \u00f6ppnat tre trygghetspunkter, och R\u00e4ttviks kommun en informationspunkt. P\u00e5 trygghetspunkterna&hellip;\n","protected":false},"author":2,"featured_media":121102,"comment_status":"","ping_status":"","sticky":false,"template":"","format":"standard","meta":{"footnotes":""},"categories":[5],"tags":[22,23,26,27,17,21,24,25,28,29,15,16,18,34,31,33,32,30,19,20],"class_list":{"0":"post-121101","1":"post","2":"type-post","3":"status-publish","4":"format-standard","5":"has-post-thumbnail","7":"category-rubriker","8":"tag-breaking-news","9":"tag-breakingnews","10":"tag-featured-news","11":"tag-featurednews","12":"tag-headlines","13":"tag-huvudnyheter","14":"tag-latest-news","15":"tag-latestnews","16":"tag-main-news","17":"tag-mainnews","18":"tag-news","19":"tag-nyheter","20":"tag-rubriker","21":"tag-se","22":"tag-svenska","23":"tag-sverige","24":"tag-sweden","25":"tag-swedish","26":"tag-top-stories","27":"tag-topstories"},"share_on_mastodon":{"url":"https:\/\/pubeurope.com\/@se\/115809736614343583","error":""},"_links":{"self":[{"href":"https:\/\/www.europesays.com\/se\/wp-json\/wp\/v2\/posts\/121101","targetHints":{"allow":["GET"]}}],"collection":[{"href":"https:\/\/www.europesays.com\/se\/wp-json\/wp\/v2\/posts"}],"about":[{"href":"https:\/\/www.europesays.com\/se\/wp-json\/wp\/v2\/types\/post"}],"author":[{"embeddable":true,"href":"https:\/\/www.europesays.com\/se\/wp-json\/wp\/v2\/users\/2"}],"replies":[{"embeddable":true,"href":"https:\/\/www.europesays.com\/se\/wp-json\/wp\/v2\/comments?post=121101"}],"version-history":[{"count":0,"href":"https:\/\/www.europesays.com\/se\/wp-json\/wp\/v2\/posts\/121101\/revisions"}],"wp:featuredmedia":[{"embeddable":true,"href":"https:\/\/www.europesays.com\/se\/wp-json\/wp\/v2\/media\/121102"}],"wp:attachment":[{"href":"https:\/\/www.europesays.com\/se\/wp-json\/wp\/v2\/media?parent=121101"}],"wp:term":[{"taxonomy":"category","embeddable":true,"href":"https:\/\/www.europesays.com\/se\/wp-json\/wp\/v2\/categories?post=121101"},{"taxonomy":"post_tag","embeddable":true,"href":"https:\/\/www.europesays.com\/se\/wp-json\/wp\/v2\/tags?post=121101"}],"curies":[{"name":"wp","href":"https:\/\/api.w.org\/{rel}","templated":true}]}}