{"id":121110,"date":"2025-12-30T17:53:12","date_gmt":"2025-12-30T17:53:12","guid":{"rendered":"https:\/\/www.europesays.com\/se\/121110\/"},"modified":"2025-12-30T17:53:12","modified_gmt":"2025-12-30T17:53:12","slug":"kraftig-spridning-av-influensa-nu-sjukvarden-i-stabslage","status":"publish","type":"post","link":"https:\/\/www.europesays.com\/se\/121110\/","title":{"rendered":"Kraftig spridning av influensa \u2013 NU-sjukv\u00e5rden i stabsl\u00e4ge"},"content":{"rendered":"<p>\u2013 L\u00e4get \u00e4r inte acceptabelt och medf\u00f6r patients\u00e4kerhetsrisker, s\u00e4ger sjukhusdirekt\u00f6r Bj\u00f6rn J\u00e4rbur i ett pressmeddelande.<\/p>\n<p>Man uppmanar nu allm\u00e4nheten att i f\u00f6rsta hand v\u00e4nda sig till v\u00e5rdcentral, jourcentral eller 1177 och endast s\u00f6ka akutsjukv\u00e5rd vid allvarliga eller akuta tillst\u00e5nd.<\/p>\n<p>NU-sjukv\u00e5rden \u00e4r ett Sveriges st\u00f6rsta l\u00e4nssjukhus. Sjukhuset ing\u00e5r i V\u00e4stra G\u00f6talandsregionen och best\u00e5r av N\u00c4L, Norra \u00c4lvsborgs L\u00e4nssjukhus i Trollh\u00e4ttan och Uddevalla sjukhus.<\/p>\n","protected":false},"excerpt":{"rendered":"\u2013 L\u00e4get \u00e4r inte acceptabelt och medf\u00f6r patients\u00e4kerhetsrisker, s\u00e4ger sjukhusdirekt\u00f6r Bj\u00f6rn J\u00e4rbur i ett pressmeddelande. Man uppmanar nu&hellip;\n","protected":false},"author":2,"featured_media":793,"comment_status":"","ping_status":"","sticky":false,"template":"","format":"standard","meta":{"footnotes":""},"categories":[5],"tags":[22,23,26,27,17,21,24,25,28,29,15,16,18,34,31,33,32,30,19,20],"class_list":{"0":"post-121110","1":"post","2":"type-post","3":"status-publish","4":"format-standard","5":"has-post-thumbnail","7":"category-rubriker","8":"tag-breaking-news","9":"tag-breakingnews","10":"tag-featured-news","11":"tag-featurednews","12":"tag-headlines","13":"tag-huvudnyheter","14":"tag-latest-news","15":"tag-latestnews","16":"tag-main-news","17":"tag-mainnews","18":"tag-news","19":"tag-nyheter","20":"tag-rubriker","21":"tag-se","22":"tag-svenska","23":"tag-sverige","24":"tag-sweden","25":"tag-swedish","26":"tag-top-stories","27":"tag-topstories"},"share_on_mastodon":{"url":"https:\/\/pubeurope.com\/@se\/115809799532916042","error":""},"_links":{"self":[{"href":"https:\/\/www.europesays.com\/se\/wp-json\/wp\/v2\/posts\/121110","targetHints":{"allow":["GET"]}}],"collection":[{"href":"https:\/\/www.europesays.com\/se\/wp-json\/wp\/v2\/posts"}],"about":[{"href":"https:\/\/www.europesays.com\/se\/wp-json\/wp\/v2\/types\/post"}],"author":[{"embeddable":true,"href":"https:\/\/www.europesays.com\/se\/wp-json\/wp\/v2\/users\/2"}],"replies":[{"embeddable":true,"href":"https:\/\/www.europesays.com\/se\/wp-json\/wp\/v2\/comments?post=121110"}],"version-history":[{"count":0,"href":"https:\/\/www.europesays.com\/se\/wp-json\/wp\/v2\/posts\/121110\/revisions"}],"wp:featuredmedia":[{"embeddable":true,"href":"https:\/\/www.europesays.com\/se\/wp-json\/wp\/v2\/media\/793"}],"wp:attachment":[{"href":"https:\/\/www.europesays.com\/se\/wp-json\/wp\/v2\/media?parent=121110"}],"wp:term":[{"taxonomy":"category","embeddable":true,"href":"https:\/\/www.europesays.com\/se\/wp-json\/wp\/v2\/categories?post=121110"},{"taxonomy":"post_tag","embeddable":true,"href":"https:\/\/www.europesays.com\/se\/wp-json\/wp\/v2\/tags?post=121110"}],"curies":[{"name":"wp","href":"https:\/\/api.w.org\/{rel}","templated":true}]}}