{"id":121116,"date":"2025-12-30T18:04:08","date_gmt":"2025-12-30T18:04:08","guid":{"rendered":"https:\/\/www.europesays.com\/se\/121116\/"},"modified":"2025-12-30T18:04:08","modified_gmt":"2025-12-30T18:04:08","slug":"eythor-bjorgolfsson-lamnar-umea-fc","status":"publish","type":"post","link":"https:\/\/www.europesays.com\/se\/121116\/","title":{"rendered":"Eythor Bj\u00f6rgolfsson l\u00e4mnar Ume\u00e5 FC"},"content":{"rendered":"<p class=\"post-meta\"> av <a href=\"https:\/\/www.ufc.se\/author\/admin\/\" title=\"Inl\u00e4gg av admin\" rel=\"author nofollow noopener\" target=\"_blank\">admin<\/a> | dec 30, 2025 | <a href=\"https:\/\/www.ufc.se\/category\/a-laget\/\" rel=\"category tag nofollow noopener\" target=\"_blank\">Ume\u00e5 FC<\/a><\/p>\n<p><img loading=\"lazy\" decoding=\"async\" src=\"https:\/\/www.europesays.com\/se\/wp-content\/uploads\/2025\/12\/ufc-varberg_251025_16_xl-898x675.jpg\" alt=\"\" class=\"\" width=\"1080\" height=\"675\"  \/><\/p>\n<p class=\"custom_caption\">Eythor Bj\u00f6rgolfsson. Foto: Jan Hofverberg<\/p>\n<p><strong>Anfallaren Eythor Bj\u00f6rgolfsson l\u00e4mnar Ume\u00e5 FC i f\u00f6rtid. Han har valt att aktivera en klausul i sitt kontrakt som m\u00f6jligg\u00f6r att han kan h\u00e4va sitt avtal d\u00e5 Ume\u00e5 FC \u00e5kte ur Superettan.<\/strong><\/p>\n<p>Eythor ansl\u00f6t till Ume\u00e5 FC inf\u00f6r s\u00e4songen fr\u00e5n norska Moss. Totalt spelade han 29 matcher och gjorde 15 m\u00e5l f\u00f6r klubben.<\/p>\n<p>Vi tackar Eythor f\u00f6r sina insatser i Ume\u00e5 FC och \u00f6nskar honom lycka till i framtiden!<\/p>\n","protected":false},"excerpt":{"rendered":"av admin | dec 30, 2025 | Ume\u00e5 FC Eythor Bj\u00f6rgolfsson. Foto: Jan Hofverberg Anfallaren Eythor Bj\u00f6rgolfsson l\u00e4mnar&hellip;\n","protected":false},"author":2,"featured_media":121117,"comment_status":"","ping_status":"","sticky":false,"template":"","format":"standard","meta":{"footnotes":""},"categories":[68],"tags":[34,111,110,31,33,32,30],"class_list":{"0":"post-121116","1":"post","2":"type-post","3":"status-publish","4":"format-standard","5":"has-post-thumbnail","7":"category-sport","8":"tag-se","9":"tag-sport","10":"tag-sports","11":"tag-svenska","12":"tag-sverige","13":"tag-sweden","14":"tag-swedish"},"share_on_mastodon":{"url":"https:\/\/pubeurope.com\/@se\/115809842859242229","error":""},"_links":{"self":[{"href":"https:\/\/www.europesays.com\/se\/wp-json\/wp\/v2\/posts\/121116","targetHints":{"allow":["GET"]}}],"collection":[{"href":"https:\/\/www.europesays.com\/se\/wp-json\/wp\/v2\/posts"}],"about":[{"href":"https:\/\/www.europesays.com\/se\/wp-json\/wp\/v2\/types\/post"}],"author":[{"embeddable":true,"href":"https:\/\/www.europesays.com\/se\/wp-json\/wp\/v2\/users\/2"}],"replies":[{"embeddable":true,"href":"https:\/\/www.europesays.com\/se\/wp-json\/wp\/v2\/comments?post=121116"}],"version-history":[{"count":0,"href":"https:\/\/www.europesays.com\/se\/wp-json\/wp\/v2\/posts\/121116\/revisions"}],"wp:featuredmedia":[{"embeddable":true,"href":"https:\/\/www.europesays.com\/se\/wp-json\/wp\/v2\/media\/121117"}],"wp:attachment":[{"href":"https:\/\/www.europesays.com\/se\/wp-json\/wp\/v2\/media?parent=121116"}],"wp:term":[{"taxonomy":"category","embeddable":true,"href":"https:\/\/www.europesays.com\/se\/wp-json\/wp\/v2\/categories?post=121116"},{"taxonomy":"post_tag","embeddable":true,"href":"https:\/\/www.europesays.com\/se\/wp-json\/wp\/v2\/tags?post=121116"}],"curies":[{"name":"wp","href":"https:\/\/api.w.org\/{rel}","templated":true}]}}