{"id":121118,"date":"2025-12-30T18:08:04","date_gmt":"2025-12-30T18:08:04","guid":{"rendered":"https:\/\/www.europesays.com\/se\/121118\/"},"modified":"2025-12-30T18:08:04","modified_gmt":"2025-12-30T18:08:04","slug":"hojd-pension-och-sankt-skatt-for-de-rikaste-sa-mycket-mer-far-du-i-planboken-2026-arbetet","status":"publish","type":"post","link":"https:\/\/www.europesays.com\/se\/121118\/","title":{"rendered":"H\u00f6jd pension och s\u00e4nkt skatt f\u00f6r de rikaste \u2013 s\u00e5 mycket mer f\u00e5r du i pl\u00e5nboken 2026 \u2013 Arbetet"},"content":{"rendered":"<p>Mer pengar till studenter och pension\u00e4rer, men \u00e4ven skattel\u00e4ttnader f\u00f6r de som tj\u00e4nar mest. <\/p>\n<p>Fr\u00e5n och med \u00e5rsskiftet h\u00f6js prisbasbeloppet med 400 kronor.<\/p>\n<p>Beloppet r\u00e4knas ut varje \u00e5r av Statistiska centralbyr\u00e5n (SCB) och \u00e4r till f\u00f6r att bland annat ers\u00e4ttningar och bidrag ska ligga p\u00e5 samma niv\u00e5 som \u00f6vriga pris\u00f6kningar i samh\u00e4llet.<\/p>\n<p>\t\t\t\t\t\t\t\t\t\tPrisbasbeloppet<\/p>\n<p>Ett \u00e5rligt v\u00e4rde som best\u00e4ms av regeringen, baserat p\u00e5 SCB:s index \u00f6ver prisutvecklingen. \u00c4r inflationen h\u00f6g h\u00f6js prisbasbeloppet med mer, \u00e4r den l\u00e5g eller stabil blir \u00e4ven prisbasbeloppet en l\u00e4gre summa. <\/p>\n<p>Sedan 2020 har beloppet g\u00e5tt fr\u00e5n 47\u00a0300 kronor till att vara 59 200 kronor 2026. Prisbasbeloppet \u00e4r till f\u00f6r att bidrag och ers\u00e4ttningar, som garantipensionen, dagsb\u00f6ter och studiebidrag ska f\u00f6lja andra prisf\u00f6r\u00e4ndringar i samh\u00e4llet.<\/p>\n<p>\t\t\t\t\tL\u00e4s mer\n\t\t\t<\/p>\n<p>Blygsam h\u00f6jning<\/p>\n<p>Beloppet h\u00f6js fr\u00e5n 58 800 kronor till 59 200 kronor 2026, en \u00f6kning p\u00e5 0,7 procent.\u00a0<\/p>\n<p>Det inneb\u00e4r att studenter kan f\u00e5 ut ungef\u00e4r 1000 kronor mer per \u00e5r, eller 90 kronor extra i m\u00e5naden. \u00c4ven garantipensionen h\u00f6js med cirka 81 kronor per m\u00e5nad.<\/p>\n<p>\u2013 Det \u00e4r inte mycket att hurra f\u00f6r, man kommer att f\u00e5 n\u00e5gra kronor extra men det \u00e4r nog inget som kommer att m\u00e4rkas av s\u00e4rskilt mycket i hush\u00e5llen, s\u00e4ger Sharon Lavie, sparekonom p\u00e5 Lendo.<\/p>\n<p>\u00d6kningen \u00e4r l\u00e4gre \u00e4n vad den varit p\u00e5 flera \u00e5r, detta d\u00e5 inflationstakten avtagit och nu bed\u00f6mts som stabil enligt SCB.<\/p>\n<p>Mellan \u00e5ren 2022 och 2023 n\u00e4r inflationen var som h\u00f6gst h\u00f6jdes beloppet med 4\u00a0200 kronor, att j\u00e4mf\u00f6ra med 2026 h\u00f6jning p\u00e5 400 kronor.\u00a0<\/p>\n<p>\t\t\t\t<img alt=\"En kvinna med l\u00e5ngt blont h\u00e5r och gr\u00f6n blus st\u00e5r utomhus med armarna i kors och ler framf\u00f6r v\u00e4xter och en byggnad.\" class=\"MediaWrapper-content BodyImage-imageObject\" src=\"https:\/\/www.europesays.com\/se\/wp-content\/uploads\/2025\/12\/lendo-004-3.jpg\" data-lazy-load-target=\"content\" width=\"640\" height=\"426\" loading=\"lazy\" decoding=\"async\" fetchpriority=\"auto\"\/><\/p>\n<p>\n\t\t\t\t\tSharon Lavie \u00e4r sparekonom p\u00e5 Lendo och tror inte att h\u00f6jningen kommer att vara m\u00e4rkbar i pl\u00e5nboken.<br \/>\n\t\t\t\t\t\t\tFoto: Fotograf: Pernilla Ahls\u00e9n\n\t\t\t\t\t\t\t\t\t<\/p>\n<p>S\u00e4nkt skatt f\u00f6r de som tj\u00e4nar mest<\/p>\n<p>Den st\u00f6rsta f\u00f6r\u00e4ndringen, enligt Sharon Lavie, \u00e4r den h\u00f6jda brytpunkten f\u00f6r statlig skatt \u2013 en skatt som endast betalas av de med en \u00e5rsinkomst \u00f6ver en viss summa. <\/p>\n<p>2026 hamnar den p\u00e5 660\u00a0100 kronor per \u00e5r, en h\u00f6jning p\u00e5 17 000 kronor.\u00a0<\/p>\n<p>\u00c4ven jobbskatteavdraget h\u00f6js med 169 kronor. Det inneb\u00e4r att du m\u00e5ste tj\u00e4na upp till 25 042 kronor i m\u00e5naden innan du beh\u00f6ver betala skatt.\u00a0<\/p>\n<p>\u2013 Det \u00e4r sm\u00e5 f\u00f6rb\u00e4ttringar som p\u00e5verkar de som ligger precis p\u00e5 gr\u00e4nsen n\u00e4r det kommer till m\u00e5nadsinkomster. Det \u00e4r lite extra pengar, men inget som \u00e4ndrar p\u00e5 folks privatekonomi, s\u00e4ger Sharon Lavie.<\/p>\n<p>\t\t\t\t\t\t\t\t\t\tS\u00e5 h\u00f6js ers\u00e4ttningarna<\/p>\n<p><strong>Studiest\u00f6det:<\/strong> H\u00f6js med ungef\u00e4r 90 kronor per m\u00e5nad. En studerande med fullt studiemedel f\u00e5r d\u00e5 ut 13 592 konor i m\u00e5naden. Fribeloppet,\u00a0den summa du kan tj\u00e4na p\u00e5 jobb samtidigt som du pluggar h\u00f6js ocks\u00e5, det inneb\u00e4r att man som h\u00f6gst f\u00e5r ha en inkomst p\u00e5 19\u00a0100 kronor i m\u00e5naden innan studiest\u00f6det p\u00e5verkas.<\/p>\n<p><strong>Pensionen: <\/strong>Garantipensionen h\u00f6js med cirka 81 kr per m\u00e5nad, vilket motsvarar 972 kronor extra p\u00e5 ett \u00e5r.<\/p>\n<p><strong>F\u00f6r\u00e4ldrapenningen:<\/strong> Taket h\u00f6js med 8 kronor per dag, vilket motsvarar ungef\u00e4r 240 kronor i m\u00e5naden.<\/p>\n<p><strong>Ers\u00e4ttningar vid sjukdom:<\/strong> Den h\u00f6gsta sjukpenningniv\u00e5n h\u00f6js med 8 kronor per dag, vilket ger ett tak p\u00e5 1\u00a0259 kronor per dag.<\/p>\n<p><strong>S\u00e4nkta skatter:<\/strong> Grundavdrag och jobbskatteavdraget h\u00f6js, vilket betyder mer pengar f\u00f6r pension\u00e4rer och de med l\u00e4gre inkomst. Brytpunkten f\u00f6r statlig skatt h\u00f6js och kommer endast p\u00e5verka de med en m\u00e5nadsl\u00f6n p\u00e5 \u00f6ver 55\u00a0000 kronor, som slipper extra inkomstskatt p\u00e5 20 procent.<\/p>\n<p>K\u00e4lla: CSN, F\u00f6rs\u00e4kringskassan, Lendo<\/p>\n<p>\t\t\t\t\tL\u00e4s mer\n\t\t\t<\/p>\n","protected":false},"excerpt":{"rendered":"Mer pengar till studenter och pension\u00e4rer, men \u00e4ven skattel\u00e4ttnader f\u00f6r de som tj\u00e4nar mest. Fr\u00e5n och med \u00e5rsskiftet&hellip;\n","protected":false},"author":2,"featured_media":121119,"comment_status":"","ping_status":"","sticky":false,"template":"","format":"standard","meta":{"footnotes":""},"categories":[65],"tags":[72,70,71,34,31,33,32,30],"class_list":{"0":"post-121118","1":"post","2":"type-post","3":"status-publish","4":"format-standard","5":"has-post-thumbnail","7":"category-ekonomi","8":"tag-business","9":"tag-economy","10":"tag-ekonomi","11":"tag-se","12":"tag-svenska","13":"tag-sverige","14":"tag-sweden","15":"tag-swedish"},"share_on_mastodon":{"url":"https:\/\/pubeurope.com\/@se\/115809858518916284","error":""},"_links":{"self":[{"href":"https:\/\/www.europesays.com\/se\/wp-json\/wp\/v2\/posts\/121118","targetHints":{"allow":["GET"]}}],"collection":[{"href":"https:\/\/www.europesays.com\/se\/wp-json\/wp\/v2\/posts"}],"about":[{"href":"https:\/\/www.europesays.com\/se\/wp-json\/wp\/v2\/types\/post"}],"author":[{"embeddable":true,"href":"https:\/\/www.europesays.com\/se\/wp-json\/wp\/v2\/users\/2"}],"replies":[{"embeddable":true,"href":"https:\/\/www.europesays.com\/se\/wp-json\/wp\/v2\/comments?post=121118"}],"version-history":[{"count":0,"href":"https:\/\/www.europesays.com\/se\/wp-json\/wp\/v2\/posts\/121118\/revisions"}],"wp:featuredmedia":[{"embeddable":true,"href":"https:\/\/www.europesays.com\/se\/wp-json\/wp\/v2\/media\/121119"}],"wp:attachment":[{"href":"https:\/\/www.europesays.com\/se\/wp-json\/wp\/v2\/media?parent=121118"}],"wp:term":[{"taxonomy":"category","embeddable":true,"href":"https:\/\/www.europesays.com\/se\/wp-json\/wp\/v2\/categories?post=121118"},{"taxonomy":"post_tag","embeddable":true,"href":"https:\/\/www.europesays.com\/se\/wp-json\/wp\/v2\/tags?post=121118"}],"curies":[{"name":"wp","href":"https:\/\/api.w.org\/{rel}","templated":true}]}}