{"id":121120,"date":"2025-12-30T18:11:21","date_gmt":"2025-12-30T18:11:21","guid":{"rendered":"https:\/\/www.europesays.com\/se\/121120\/"},"modified":"2025-12-30T18:11:21","modified_gmt":"2025-12-30T18:11:21","slug":"terroratalad-i-stockholm-kan-domas-till-fangelse","status":"publish","type":"post","link":"https:\/\/www.europesays.com\/se\/121120\/","title":{"rendered":"Terror\u00e5talad i Stockholm kan d\u00f6mas till f\u00e4ngelse"},"content":{"rendered":"<p>Det rapporterar P4 Malm\u00f6hus med h\u00e4nvisning till den r\u00e4ttspsykiatriska unders\u00f6kningen som nu \u00e4r klar. 18-\u00e5ringen kan d\u00e4rmed d\u00f6mas till f\u00e4ngelse.Mannen har tidigare bott i Link\u00f6ping och har ett kriminellt f\u00f6rflutet. I augusti 2023 d\u00f6mdes han av Link\u00f6pings tingsr\u00e4tt f\u00f6r grovt sabotage mot bl\u00e5ljusverksamhet. P\u00e5f\u00f6ljden blev ungdoms\u00f6vervakning i sex m\u00e5nader.Mannen, som d\u00e5 e<\/p>\n","protected":false},"excerpt":{"rendered":"Det rapporterar P4 Malm\u00f6hus med h\u00e4nvisning till den r\u00e4ttspsykiatriska unders\u00f6kningen som nu \u00e4r klar. 18-\u00e5ringen kan d\u00e4rmed d\u00f6mas&hellip;\n","protected":false},"author":2,"featured_media":121121,"comment_status":"","ping_status":"","sticky":false,"template":"","format":"standard","meta":{"footnotes":""},"categories":[5],"tags":[22,23,26,27,17,21,24,25,28,29,15,16,18,34,31,33,32,30,19,20],"class_list":{"0":"post-121120","1":"post","2":"type-post","3":"status-publish","4":"format-standard","5":"has-post-thumbnail","7":"category-rubriker","8":"tag-breaking-news","9":"tag-breakingnews","10":"tag-featured-news","11":"tag-featurednews","12":"tag-headlines","13":"tag-huvudnyheter","14":"tag-latest-news","15":"tag-latestnews","16":"tag-main-news","17":"tag-mainnews","18":"tag-news","19":"tag-nyheter","20":"tag-rubriker","21":"tag-se","22":"tag-svenska","23":"tag-sverige","24":"tag-sweden","25":"tag-swedish","26":"tag-top-stories","27":"tag-topstories"},"share_on_mastodon":{"url":"https:\/\/pubeurope.com\/@se\/115809870285475334","error":""},"_links":{"self":[{"href":"https:\/\/www.europesays.com\/se\/wp-json\/wp\/v2\/posts\/121120","targetHints":{"allow":["GET"]}}],"collection":[{"href":"https:\/\/www.europesays.com\/se\/wp-json\/wp\/v2\/posts"}],"about":[{"href":"https:\/\/www.europesays.com\/se\/wp-json\/wp\/v2\/types\/post"}],"author":[{"embeddable":true,"href":"https:\/\/www.europesays.com\/se\/wp-json\/wp\/v2\/users\/2"}],"replies":[{"embeddable":true,"href":"https:\/\/www.europesays.com\/se\/wp-json\/wp\/v2\/comments?post=121120"}],"version-history":[{"count":0,"href":"https:\/\/www.europesays.com\/se\/wp-json\/wp\/v2\/posts\/121120\/revisions"}],"wp:featuredmedia":[{"embeddable":true,"href":"https:\/\/www.europesays.com\/se\/wp-json\/wp\/v2\/media\/121121"}],"wp:attachment":[{"href":"https:\/\/www.europesays.com\/se\/wp-json\/wp\/v2\/media?parent=121120"}],"wp:term":[{"taxonomy":"category","embeddable":true,"href":"https:\/\/www.europesays.com\/se\/wp-json\/wp\/v2\/categories?post=121120"},{"taxonomy":"post_tag","embeddable":true,"href":"https:\/\/www.europesays.com\/se\/wp-json\/wp\/v2\/tags?post=121120"}],"curies":[{"name":"wp","href":"https:\/\/api.w.org\/{rel}","templated":true}]}}