{"id":121124,"date":"2025-12-30T18:14:35","date_gmt":"2025-12-30T18:14:35","guid":{"rendered":"https:\/\/www.europesays.com\/se\/121124\/"},"modified":"2025-12-30T18:14:35","modified_gmt":"2025-12-30T18:14:35","slug":"se-geniet-malcolm-in-the-middle-aterforenas-med-bryan-cranston-och-familjen-i-ny-trailer","status":"publish","type":"post","link":"https:\/\/www.europesays.com\/se\/121124\/","title":{"rendered":"Se geniet &#8221;Malcolm in the Middle&#8221; \u00e5terf\u00f6renas med Bryan Cranston och familjen i ny trailer"},"content":{"rendered":"<p>Sedan december 2024 \u00e4r det klart att komediserien <a href=\"https:\/\/www.moviezine.se\/nyheter\/malcolm-in-the-middle-kommer-tillbaka\" rel=\"nofollow noopener\" target=\"_blank\"><strong>\u201dMalcolm \u2013 ett geni i familjen\u201d<\/strong> f\u00e5r en reboot<\/a> d\u00e4r huvudrollsinnehavaren <strong>Frankie Muniz<\/strong> \u00e5terf\u00f6renas med<strong> Bryan Cranston<\/strong> och de \u00f6vriga familjemedlemmarna.<\/p>\n<p>Den efterl\u00e4ngtade \u00e5terkomsten tar plats n\u00e4stan 20 \u00e5r efter att den ursprungliga sitcomen avslutades. Den fyra avsnitten l\u00e5nga miniserien \u201dMalcolm in the Middle: Life\u2019s Still Unfair\u201d har nu sl\u00e4ppt sin f\u00f6rsta trailer och f\u00e5tt ett officiellt premi\u00e4rdatum.<\/p>\n<p>F\u00f6rutom Muniz och Cranston (som pappa Hal) \u00e4r \u00e4ven originalseriens andra stj\u00e4rnor tillbaka inklusive Jane Kaczmarek som mamma Lois, Christopher Masterson som Francis, Justin Berfield som Reese och Emy Coligado som Piama.<\/p>\n<p>Den enda betydande f\u00f6r\u00e4ndringen i den klassiska familjen \u00e4r att Erik Per Sullivan, som spelade Dewey, inte \u00e5terv\u00e4nder; rollen tas ist\u00e4llet \u00f6ver av Caleb Ellsworth-Clark.<\/p>\n<p>Miniserien f\u00f6ljer en vuxen Malcolm som nu har en dotter, Leah (Keeley Karsten), och en flickv\u00e4n, Tristan (Kiana Madeira).<\/p>\n<p>Handlingen tar fart n\u00e4r hans f\u00f6r\u00e4ldrar vill att familjen samlas f\u00f6r att fira deras 40-\u00e5riga br\u00f6llopsdag, vilket tvingar Malcolm tillbaka in i den kaotiska familjedynamiken.<\/p>\n<p>Muniz har tidigare <a href=\"https:\/\/www.moviezine.se\/nyheter\/nya-malcolm-in-the-middle-kommer-overraska-dig\" rel=\"nofollow noopener\" target=\"_blank\">sagt att publiken troligen kommer att bli \u00f6verraskade<\/a>:<\/p>\n<p>\u2013 Det \u00e4r sv\u00e5rt att f\u00e5 in 20 \u00e5r p\u00e5 bara fyra avsnitt p\u00e5 30 minuter, eller hur? Men jag tror att tittarna kommer bli v\u00e4ldigt n\u00f6jda med det vi kommit p\u00e5, sade han tidigare i \u00e5r.<\/p>\n<p>Trailern utlovar klassisk \u201dMalcolm\u201d-humor och nostalgi, med \u00e5terseenden av v\u00e4lk\u00e4nda karakt\u00e4rer. Det \u00e4r extra kul att se b\u00e5de Muniz (som tog n\u00e5gra \u00e5rs paus fr\u00e5n sk\u00e5despeleriet) och Cranston tillbaka i rollerna som gjorde dem k\u00e4nda.<\/p>\n<p>Serien kommer att ha premi\u00e4r den <strong>10 april 2026<\/strong> p\u00e5 b\u00e5de<strong> Hulu<\/strong> och<strong> Disney+<\/strong>, med alla fyra avsnitt sl\u00e4ppta samtidigt.<\/p>\n<p>Se trailern nedan:<\/p>\n<p><img loading=\"lazy\" decoding=\"async\" alt=\"YouTube video\" width=\"480\" height=\"360\" data-pin-nopin=\"true\" nopin=\"nopin\" class=\"perfmatters-lazy\" src=\"https:\/\/i.ytimg.com\/vi\/63VTRloLLH4\/hqdefault.jpg\"\/><\/p>\n<p>L\u00e4s ocks\u00e5: <a href=\"https:\/\/www.moviezine.se\/nyheter\/vad-hande-med-tonarsstjarnorna-fran-ar-2000\" title=\"Vad h\u00e4nde med ton\u00e5rsstj\u00e4rnorna fr\u00e5n \u00e5r 2000?\" class=\"underline-custom !font-montserrat !font-bold !underline-offset-4 !decoration-4 !decoration-moviezine-green !text-md\" rel=\"nofollow noopener\" target=\"_blank\">Vad h\u00e4nde med ton\u00e5rsstj\u00e4rnorna fr\u00e5n \u00e5r 2000?<\/a><\/p>\n<p>L\u00e4s ocks\u00e5: <a href=\"https:\/\/www.moviezine.se\/nyheter\/vi-sag-paris-hilton-och-breaking-bad-bryan-cranston-pa-tribeca-festivalen\" title=\"Vi s\u00e5g Paris\u00a0Hilton och \u201cBreaking Bad\u201d-Bryan Cranston p\u00e5 Tribeca-festivalen\" class=\"underline-custom !font-montserrat !font-bold !underline-offset-4 !decoration-4 !decoration-moviezine-green !text-md\" rel=\"nofollow noopener\" target=\"_blank\">Vi s\u00e5g Paris\u00a0Hilton och \u201cBreaking Bad\u201d-Bryan Cranston p\u00e5 Tribeca-festivalen<\/a><\/p>\n","protected":false},"excerpt":{"rendered":"Sedan december 2024 \u00e4r det klart att komediserien \u201dMalcolm \u2013 ett geni i familjen\u201d f\u00e5r en reboot d\u00e4r&hellip;\n","protected":false},"author":2,"featured_media":121125,"comment_status":"","ping_status":"","sticky":false,"template":"","format":"standard","meta":{"footnotes":""},"categories":[67],"tags":[2692,104,34,31,33,32,30,105],"class_list":{"0":"post-121124","1":"post","2":"type-post","3":"status-publish","4":"format-standard","5":"has-post-thumbnail","7":"category-underhallning","8":"tag-disney-plus","9":"tag-entertainment","10":"tag-se","11":"tag-svenska","12":"tag-sverige","13":"tag-sweden","14":"tag-swedish","15":"tag-underhallning"},"share_on_mastodon":{"url":"https:\/\/pubeurope.com\/@se\/115809882096628502","error":""},"_links":{"self":[{"href":"https:\/\/www.europesays.com\/se\/wp-json\/wp\/v2\/posts\/121124","targetHints":{"allow":["GET"]}}],"collection":[{"href":"https:\/\/www.europesays.com\/se\/wp-json\/wp\/v2\/posts"}],"about":[{"href":"https:\/\/www.europesays.com\/se\/wp-json\/wp\/v2\/types\/post"}],"author":[{"embeddable":true,"href":"https:\/\/www.europesays.com\/se\/wp-json\/wp\/v2\/users\/2"}],"replies":[{"embeddable":true,"href":"https:\/\/www.europesays.com\/se\/wp-json\/wp\/v2\/comments?post=121124"}],"version-history":[{"count":0,"href":"https:\/\/www.europesays.com\/se\/wp-json\/wp\/v2\/posts\/121124\/revisions"}],"wp:featuredmedia":[{"embeddable":true,"href":"https:\/\/www.europesays.com\/se\/wp-json\/wp\/v2\/media\/121125"}],"wp:attachment":[{"href":"https:\/\/www.europesays.com\/se\/wp-json\/wp\/v2\/media?parent=121124"}],"wp:term":[{"taxonomy":"category","embeddable":true,"href":"https:\/\/www.europesays.com\/se\/wp-json\/wp\/v2\/categories?post=121124"},{"taxonomy":"post_tag","embeddable":true,"href":"https:\/\/www.europesays.com\/se\/wp-json\/wp\/v2\/tags?post=121124"}],"curies":[{"name":"wp","href":"https:\/\/api.w.org\/{rel}","templated":true}]}}