{"id":121126,"date":"2025-12-30T18:18:18","date_gmt":"2025-12-30T18:18:18","guid":{"rendered":"https:\/\/www.europesays.com\/se\/121126\/"},"modified":"2025-12-30T18:18:18","modified_gmt":"2025-12-30T18:18:18","slug":"palestinsk-mandela-eller-terrorist-marwan-barghouti-ses-av-manga-som-palestiniernas-framtida-ledare","status":"publish","type":"post","link":"https:\/\/www.europesays.com\/se\/121126\/","title":{"rendered":"Palestinsk Mandela eller terrorist \u2013 Marwan Barghouti ses av m\u00e5nga som palestiniernas framtida ledare"},"content":{"rendered":"<p>En g\u00e5ng i tiden s\u00e5gs Marwan Barghouti som PLO-ledaren Yasser Arafats sj\u00e4lvklara eftertr\u00e4dare. I\u00a0st\u00e4llet greps han av Israel och d\u00f6mdes till fem livstidsstraff plus 40 \u00e5rs f\u00e4ngelse f\u00f6r terrorrelaterade brott.<\/p>\n<p>Trots att han suttit 23 \u00e5r i f\u00e4ngelse \u00e4r han fortfarande den popul\u00e4raste palestinska politikern. Om det h\u00f6lls ett palestinskt presidentval skulle han l\u00e4tt besegra den nuvarande presidenten Mahmoud Abbas och Hamas-ledaren Khaled Meshal, enligt <a href=\"https:\/\/www.pcpsr.org\/sites\/default\/files\/Poll%2096%20press%20release%20FINAL%20ENGLISH%2028%20Oct%202025.pdf\" target=\"_blank\" rel=\"noopener noreferrer nofollow\">opinionsunders\u00f6kningar<\/a>.<\/p>\n","protected":false},"excerpt":{"rendered":"En g\u00e5ng i tiden s\u00e5gs Marwan Barghouti som PLO-ledaren Yasser Arafats sj\u00e4lvklara eftertr\u00e4dare. I\u00a0st\u00e4llet greps han av Israel&hellip;\n","protected":false},"author":2,"featured_media":121127,"comment_status":"","ping_status":"","sticky":false,"template":"","format":"standard","meta":{"footnotes":""},"categories":[14],"tags":[22,23,26,27,17,21,24,25,28,29,15,16,18,34,31,33,32,30,19,20,51,52,53,54],"class_list":{"0":"post-121126","1":"post","2":"type-post","3":"status-publish","4":"format-standard","5":"has-post-thumbnail","7":"category-varlden","8":"tag-breaking-news","9":"tag-breakingnews","10":"tag-featured-news","11":"tag-featurednews","12":"tag-headlines","13":"tag-huvudnyheter","14":"tag-latest-news","15":"tag-latestnews","16":"tag-main-news","17":"tag-mainnews","18":"tag-news","19":"tag-nyheter","20":"tag-rubriker","21":"tag-se","22":"tag-svenska","23":"tag-sverige","24":"tag-sweden","25":"tag-swedish","26":"tag-top-stories","27":"tag-topstories","28":"tag-varlden","29":"tag-world","30":"tag-world-news","31":"tag-worldnews"},"share_on_mastodon":{"url":"https:\/\/pubeurope.com\/@se\/115809897849791938","error":""},"_links":{"self":[{"href":"https:\/\/www.europesays.com\/se\/wp-json\/wp\/v2\/posts\/121126","targetHints":{"allow":["GET"]}}],"collection":[{"href":"https:\/\/www.europesays.com\/se\/wp-json\/wp\/v2\/posts"}],"about":[{"href":"https:\/\/www.europesays.com\/se\/wp-json\/wp\/v2\/types\/post"}],"author":[{"embeddable":true,"href":"https:\/\/www.europesays.com\/se\/wp-json\/wp\/v2\/users\/2"}],"replies":[{"embeddable":true,"href":"https:\/\/www.europesays.com\/se\/wp-json\/wp\/v2\/comments?post=121126"}],"version-history":[{"count":0,"href":"https:\/\/www.europesays.com\/se\/wp-json\/wp\/v2\/posts\/121126\/revisions"}],"wp:featuredmedia":[{"embeddable":true,"href":"https:\/\/www.europesays.com\/se\/wp-json\/wp\/v2\/media\/121127"}],"wp:attachment":[{"href":"https:\/\/www.europesays.com\/se\/wp-json\/wp\/v2\/media?parent=121126"}],"wp:term":[{"taxonomy":"category","embeddable":true,"href":"https:\/\/www.europesays.com\/se\/wp-json\/wp\/v2\/categories?post=121126"},{"taxonomy":"post_tag","embeddable":true,"href":"https:\/\/www.europesays.com\/se\/wp-json\/wp\/v2\/tags?post=121126"}],"curies":[{"name":"wp","href":"https:\/\/api.w.org\/{rel}","templated":true}]}}