{"id":121130,"date":"2025-12-30T18:23:09","date_gmt":"2025-12-30T18:23:09","guid":{"rendered":"https:\/\/www.europesays.com\/se\/121130\/"},"modified":"2025-12-30T18:23:09","modified_gmt":"2025-12-30T18:23:09","slug":"tornedalsteaterns-ummikkos-nominerad-till-pris","status":"publish","type":"post","link":"https:\/\/www.europesays.com\/se\/121130\/","title":{"rendered":"Tornedalsteaterns &#8221;Ummikkos&#8221; nominerad till pris"},"content":{"rendered":"<p>Tornedalsteaterns pj\u00e4s &#8221;Ummikkos&#8221; \u00e4r nominerad till Teaterpriset av Sveriges scenkonstkritiker. &#8221;Ummikkos&#8221; handlar om att ha blivit ber\u00f6vad spr\u00e5ket hos ens r\u00f6tter.Den har g\u00e5tt f\u00f6r fulla hus under Riksteaterns Sverigeturn\u00e9 och inf\u00f6r f\u00f6rest\u00e4llningen p\u00e5 Gottsunda dans &amp; teater s\u00e5ldes platserna snabbt slut.\u2013 Vi b\u00f6rjade f\u00e5 mejl redan innan vi hade sl\u00e4ppt biljetterna, sade <\/p>\n","protected":false},"excerpt":{"rendered":"Tornedalsteaterns pj\u00e4s &#8221;Ummikkos&#8221; \u00e4r nominerad till Teaterpriset av Sveriges scenkonstkritiker. &#8221;Ummikkos&#8221; handlar om att ha blivit ber\u00f6vad spr\u00e5ket&hellip;\n","protected":false},"author":2,"featured_media":121131,"comment_status":"","ping_status":"","sticky":false,"template":"","format":"standard","meta":{"footnotes":""},"categories":[67],"tags":[104,34,31,33,32,30,105],"class_list":{"0":"post-121130","1":"post","2":"type-post","3":"status-publish","4":"format-standard","5":"has-post-thumbnail","7":"category-underhallning","8":"tag-entertainment","9":"tag-se","10":"tag-svenska","11":"tag-sverige","12":"tag-sweden","13":"tag-swedish","14":"tag-underhallning"},"share_on_mastodon":{"url":"https:\/\/pubeurope.com\/@se\/115809917478766706","error":""},"_links":{"self":[{"href":"https:\/\/www.europesays.com\/se\/wp-json\/wp\/v2\/posts\/121130","targetHints":{"allow":["GET"]}}],"collection":[{"href":"https:\/\/www.europesays.com\/se\/wp-json\/wp\/v2\/posts"}],"about":[{"href":"https:\/\/www.europesays.com\/se\/wp-json\/wp\/v2\/types\/post"}],"author":[{"embeddable":true,"href":"https:\/\/www.europesays.com\/se\/wp-json\/wp\/v2\/users\/2"}],"replies":[{"embeddable":true,"href":"https:\/\/www.europesays.com\/se\/wp-json\/wp\/v2\/comments?post=121130"}],"version-history":[{"count":0,"href":"https:\/\/www.europesays.com\/se\/wp-json\/wp\/v2\/posts\/121130\/revisions"}],"wp:featuredmedia":[{"embeddable":true,"href":"https:\/\/www.europesays.com\/se\/wp-json\/wp\/v2\/media\/121131"}],"wp:attachment":[{"href":"https:\/\/www.europesays.com\/se\/wp-json\/wp\/v2\/media?parent=121130"}],"wp:term":[{"taxonomy":"category","embeddable":true,"href":"https:\/\/www.europesays.com\/se\/wp-json\/wp\/v2\/categories?post=121130"},{"taxonomy":"post_tag","embeddable":true,"href":"https:\/\/www.europesays.com\/se\/wp-json\/wp\/v2\/tags?post=121130"}],"curies":[{"name":"wp","href":"https:\/\/api.w.org\/{rel}","templated":true}]}}