{"id":121132,"date":"2025-12-30T18:26:07","date_gmt":"2025-12-30T18:26:07","guid":{"rendered":"https:\/\/www.europesays.com\/se\/121132\/"},"modified":"2025-12-30T18:26:07","modified_gmt":"2025-12-30T18:26:07","slug":"outby-i-linkoping-drabbades-av-hackerattack","status":"publish","type":"post","link":"https:\/\/www.europesays.com\/se\/121132\/","title":{"rendered":"Outby i Link\u00f6ping drabbades av hackerattack"},"content":{"rendered":"<p class=\"long-read-first-paragraph\">Julafton har passerat. Mathias Persson h\u00e4nger hos f\u00f6r\u00e4ldrarna under mellandagarna. Klockan \u00e4r halv tolv p\u00e5 natten.Pl\u00f6tsligt kommer ett sms.En varning fr\u00e5n f\u00f6retagets automatiska \u00f6vervakning.Det \u00e4r n\u00e5got som inte st\u00e4mmer. En ovanlig aktivitet som sticker ut.Mathias loggar in p\u00e5 datorn och kollar.Han \u00e4r del\u00e4gare och jobbar p\u00e5 det lilla Link\u00f6pingsf\u00f6retaget Outby vars dig<\/p>\n","protected":false},"excerpt":{"rendered":"Julafton har passerat. Mathias Persson h\u00e4nger hos f\u00f6r\u00e4ldrarna under mellandagarna. Klockan \u00e4r halv tolv p\u00e5 natten.Pl\u00f6tsligt kommer ett&hellip;\n","protected":false},"author":2,"featured_media":121133,"comment_status":"","ping_status":"","sticky":false,"template":"","format":"standard","meta":{"footnotes":""},"categories":[14],"tags":[22,23,26,27,17,21,24,25,28,29,15,16,18,34,31,33,32,30,19,20,51,52,53,54],"class_list":{"0":"post-121132","1":"post","2":"type-post","3":"status-publish","4":"format-standard","5":"has-post-thumbnail","7":"category-varlden","8":"tag-breaking-news","9":"tag-breakingnews","10":"tag-featured-news","11":"tag-featurednews","12":"tag-headlines","13":"tag-huvudnyheter","14":"tag-latest-news","15":"tag-latestnews","16":"tag-main-news","17":"tag-mainnews","18":"tag-news","19":"tag-nyheter","20":"tag-rubriker","21":"tag-se","22":"tag-svenska","23":"tag-sverige","24":"tag-sweden","25":"tag-swedish","26":"tag-top-stories","27":"tag-topstories","28":"tag-varlden","29":"tag-world","30":"tag-world-news","31":"tag-worldnews"},"share_on_mastodon":{"url":"https:\/\/pubeurope.com\/@se\/115809929331278798","error":""},"_links":{"self":[{"href":"https:\/\/www.europesays.com\/se\/wp-json\/wp\/v2\/posts\/121132","targetHints":{"allow":["GET"]}}],"collection":[{"href":"https:\/\/www.europesays.com\/se\/wp-json\/wp\/v2\/posts"}],"about":[{"href":"https:\/\/www.europesays.com\/se\/wp-json\/wp\/v2\/types\/post"}],"author":[{"embeddable":true,"href":"https:\/\/www.europesays.com\/se\/wp-json\/wp\/v2\/users\/2"}],"replies":[{"embeddable":true,"href":"https:\/\/www.europesays.com\/se\/wp-json\/wp\/v2\/comments?post=121132"}],"version-history":[{"count":0,"href":"https:\/\/www.europesays.com\/se\/wp-json\/wp\/v2\/posts\/121132\/revisions"}],"wp:featuredmedia":[{"embeddable":true,"href":"https:\/\/www.europesays.com\/se\/wp-json\/wp\/v2\/media\/121133"}],"wp:attachment":[{"href":"https:\/\/www.europesays.com\/se\/wp-json\/wp\/v2\/media?parent=121132"}],"wp:term":[{"taxonomy":"category","embeddable":true,"href":"https:\/\/www.europesays.com\/se\/wp-json\/wp\/v2\/categories?post=121132"},{"taxonomy":"post_tag","embeddable":true,"href":"https:\/\/www.europesays.com\/se\/wp-json\/wp\/v2\/tags?post=121132"}],"curies":[{"name":"wp","href":"https:\/\/api.w.org\/{rel}","templated":true}]}}