{"id":121134,"date":"2025-12-30T18:30:07","date_gmt":"2025-12-30T18:30:07","guid":{"rendered":"https:\/\/www.europesays.com\/se\/121134\/"},"modified":"2025-12-30T18:30:07","modified_gmt":"2025-12-30T18:30:07","slug":"frida-karlssons-okanda-drama-sag-helt-skum-ut-langdskidor","status":"publish","type":"post","link":"https:\/\/www.europesays.com\/se\/121134\/","title":{"rendered":"Frida Karlssons ok\u00e4nda drama: \u201dS\u00e5g helt skum ut\u201d | L\u00e4ngdskidor"},"content":{"rendered":"<p>Publicerad 30 dec 2025 kl 18.59Uppdaterad kl 19.24<\/p>\n<p>Frida Karlsson drabbades av ett ok\u00e4nt drama inf\u00f6r g\u00e5rdagens lopp.\u00a0<\/p>\n<p>Precis innan start sprack hennes pj\u00e4xa.\u00a0<\/p>\n<p>\u2013 Den s\u00e5g helt skum ut, s\u00e4ger landslagschef Anders Bystr\u00f6m.\u00a0<\/p>\n<p>Artikeln i korthet<\/p>\n<p> Frida Karlssons pj\u00e4xa sprack precis f\u00f6re start och tejpades akut.<\/p>\n<p> Problemen h\u00f6lls hemliga f\u00f6r b\u00e5de tr\u00e4nare och media.<\/p>\n<p> Nu f\u00e5r hon specialgjorda pj\u00e4xor till n\u00e4sta lopp.<\/p>\n<p>Visa mer<\/p>\n<p>2,1 kilometer in i g\u00e5rdagens klassiska milslopp s\u00e5g <a href=\"https:\/\/www.expressen.se\/tagg\/person\/frida-karlsson\/\" class=\"\" rel=\"nofollow noopener\" target=\"_blank\">Frida Karlsson<\/a> ut som en rund miljon. Hon bombade i v\u00e4g i full fart och ingen konkurrent var ens n\u00e4ra.\u00a0<\/p>\n<p>\u2013 Jag t\u00e4nkte: \u201dshit, det h\u00e4r blir hemskt\u201d. F\u00f6r \u00e4r Frida p\u00e5 det hum\u00f6ret \u00e4r det ingen som sl\u00e5r henne, sa vinnaren Astri \u00d6yre Slind till <a href=\"https:\/\/www.vg.no\/sport\/i\/8pmvzW\/rystende-svenskesmell-da-oeyre-slind-seiret-skal-ikke-vaere-mulig\" rel=\"nofollow noopener\" target=\"_blank\">VG<\/a> efter loppet i g\u00e5r.\u00a0<\/p>\n<p>Men det h\u00f6ll inte f\u00f6r Karlsson. Efter att ha lett med \u00e5tta sekunder var svenskan pl\u00f6tsligt tolv sekunder efter och hamnade till slut p\u00e5 femte plats.\u00a0<\/p>\n<p>\u2013 Jag var lite juniorivrig i dag. Det var inte ett perfekt lopp, sa Karlsson.\u00a0<\/p>\n<p>Fridas ok\u00e4nda drama: \u201dS\u00e5g helt skum ut\u201d<\/p>\n<p>En sak som 26-\u00e5ringen dock inte n\u00e4mnde alls var utrustningsproblemen som drabbade henne.\u00a0<\/p>\n<p>Kort innan start sprack svenskans pj\u00e4xa och de tvingades krisl\u00f6sa med isoleringstejp.\u00a0<\/p>\n<p>\u2013 Jag fick h\u00f6ra om det i morse, s\u00e4ger damtr\u00e4naren Stefan Thomson. De har h\u00e5llit p\u00e5 att fixa med det d\u00e4r i dag med.\u00a0<\/p>\n<p><img loading=\"lazy\"   alt=\"\"\/><\/p>\n<p>Den spr\u00e4ckta pj\u00e4xan fick lagas inf\u00f6r loppet.<\/p>\n<p>Foto: MAXIM THORE \/ BILDBYR\u00c5N<\/p>\n<p>\u00d6ppna bild i helsk\u00e4rm<img loading=\"lazy\"   alt=\"\"\/><\/p>\n<p>Frida Karlsson.<\/p>\n<p>Foto: MAXIM THORE \/ BILDBYR\u00c5N<\/p>\n<p>\u00d6ppna bild i helsk\u00e4rm<\/p>\n<p><strong>Det kan inte vara optimalt?\u00a0<\/strong><\/p>\n<p>\u2013 Nej, det \u00e4r det inte. Men det g\u00e5r att tejpa, jag har gjort det n\u00e5gon g\u00e5ng.\u00a0<\/p>\n<p>Karlsson h\u00f6ll det inte bara hemligt f\u00f6r medierna, utan s\u00e5v\u00e4l Thomson som sin personlige tr\u00e4nare Per Nilsson.\u00a0<\/p>\n<p>\u2013 Det har jag inte h\u00f6rt n\u00e5got om alls. Det pratade vi inte om efter loppet i g\u00e5r, s\u00e4ger Nilsson.\u00a0<\/p>\n<p>\u2013 Hon har inte gjort n\u00e5gon stor grej av det. Hon \u00e4r ganska cool, s\u00e4ger Thomson.\u00a0<\/p>\n<p>Krisl\u00f6sningen \u2013 f\u00e5r nya specialpj\u00e4xor<\/p>\n<p>\u00c4ven landslagschefen Anders Bystr\u00f6m fick reda p\u00e5 dramat kring pj\u00e4xan f\u00f6rst efter loppet.\u00a0<\/p>\n<p>\u2013 Den s\u00e5g helt skum ut efter\u00e5t, det var knappt n\u00e5got kvar av den.<\/p>\n<p>Han tror dock inte att det som h\u00e4nde hade n\u00e5gon st\u00f6rre p\u00e5verkan p\u00e5 resultatet i loppet.\u00a0<\/p>\n<p>\u2013 Det \u00e4r nog inget som ska p\u00e5verka henne s\u00e4rskilt mycket, s\u00e4ger Bystr\u00f6m.<\/p>\n<p>Men landslagschefen ber\u00e4ttar ocks\u00e5 att Karlsson genom \u00e5ren haft \u00e5terkommande problem med pj\u00e4xorna.<\/p>\n<p>\u2013 Hon har haft problem med det. Hon kan inte ta vilket pj\u00e4xa som helst.\u00a0<\/p>\n<p>Bystr\u00f6m avsl\u00f6jar ocks\u00e5 att Karlsson ska f\u00e5 nya \u2013 specialgjorda pj\u00e4xor \u2013 till morgondagens lopp.\u00a0<\/p>\n<p>\u2013 Fridas sponsor Fischer har skr\u00e4ddarsytt pj\u00e4xor \u00e5t hennes och de ska g\u00f6ra n\u00e5got nytt till n\u00e4sta lopp.\u00a0<\/p>\n","protected":false},"excerpt":{"rendered":"Publicerad 30 dec 2025 kl 18.59Uppdaterad kl 19.24 Frida Karlsson drabbades av ett ok\u00e4nt drama inf\u00f6r g\u00e5rdagens lopp.\u00a0&hellip;\n","protected":false},"author":2,"featured_media":121135,"comment_status":"","ping_status":"","sticky":false,"template":"","format":"standard","meta":{"footnotes":""},"categories":[68],"tags":[12204,4484,34,857,111,110,31,33,32,30],"class_list":{"0":"post-121134","1":"post","2":"type-post","3":"status-publish","4":"format-standard","5":"has-post-thumbnail","7":"category-sport","8":"tag-organization-tour-de-ski","9":"tag-person-frida-karlsson","10":"tag-se","11":"tag-sections-langdskidor","12":"tag-sport","13":"tag-sports","14":"tag-svenska","15":"tag-sverige","16":"tag-sweden","17":"tag-swedish"},"share_on_mastodon":{"url":"https:\/\/pubeurope.com\/@se\/115809945298422343","error":""},"_links":{"self":[{"href":"https:\/\/www.europesays.com\/se\/wp-json\/wp\/v2\/posts\/121134","targetHints":{"allow":["GET"]}}],"collection":[{"href":"https:\/\/www.europesays.com\/se\/wp-json\/wp\/v2\/posts"}],"about":[{"href":"https:\/\/www.europesays.com\/se\/wp-json\/wp\/v2\/types\/post"}],"author":[{"embeddable":true,"href":"https:\/\/www.europesays.com\/se\/wp-json\/wp\/v2\/users\/2"}],"replies":[{"embeddable":true,"href":"https:\/\/www.europesays.com\/se\/wp-json\/wp\/v2\/comments?post=121134"}],"version-history":[{"count":0,"href":"https:\/\/www.europesays.com\/se\/wp-json\/wp\/v2\/posts\/121134\/revisions"}],"wp:featuredmedia":[{"embeddable":true,"href":"https:\/\/www.europesays.com\/se\/wp-json\/wp\/v2\/media\/121135"}],"wp:attachment":[{"href":"https:\/\/www.europesays.com\/se\/wp-json\/wp\/v2\/media?parent=121134"}],"wp:term":[{"taxonomy":"category","embeddable":true,"href":"https:\/\/www.europesays.com\/se\/wp-json\/wp\/v2\/categories?post=121134"},{"taxonomy":"post_tag","embeddable":true,"href":"https:\/\/www.europesays.com\/se\/wp-json\/wp\/v2\/tags?post=121134"}],"curies":[{"name":"wp","href":"https:\/\/api.w.org\/{rel}","templated":true}]}}